{"id":26424,"date":"2024-02-08T15:13:05","date_gmt":"2024-02-08T14:13:05","guid":{"rendered":"https:\/\/christusnews.de\/site\/kr55-kirchenradio-oldenburg-guter-wille-hier-harte-fronten-dort\/"},"modified":"2024-02-08T22:18:54","modified_gmt":"2024-02-08T21:18:54","slug":"kr55-kirchenradio-oldenburg-guter-wille-hier-harte-fronten-dort","status":"publish","type":"post","link":"https:\/\/christusnews.de\/site\/kr55-kirchenradio-oldenburg-guter-wille-hier-harte-fronten-dort\/","title":{"rendered":"KR55 Kirchenradio Oldenburg: Guter Wille hier \u2013 harte Fronten dort"},"content":{"rendered":"<p>Am Freitag, 9. Februar 2024 (18 Uhr) und Sonntag, 25. Februar 2024 (13 Uhr) ist Andrea G\u00e4rtig vom deutschen Weltgebetstagskomitee beim KR55-Team im Radio von Oldenburg Eins zu Gast.<\/p>\n<p>Der Weltgebetstag ist inzwischen 100 Jahre alt und kommt in diesem Jahr ausgerechnet aus Pal\u00e4stina. Dort ist Krieg. Kann es gelingen, hier vom Frieden zu reden bei allem Leid und aller Zerst\u00f6rung dort? Andrea G\u00e4rtig plant den Weltgebetstag mit und stellt sich den Fragen von KR55. H\u00f6ren Sie rein!<\/p>\n<p>Sendetermine bei Oldenburg Eins (UKW 106,5 oder <a href=\"https:\/\/oeins.de\/hf-stream\/\">Web Radio<\/a>):<\/p>\n<ul>\n<li><strong>Freitag, 9. Februar 2024 um 18:00 Uhr<\/strong><\/li>\n<li><strong>Sonntag, 25. Februar 2024 um 13:00 Uhr<\/strong><\/li>\n<\/ul>\n<p>Als Podcast sind die Texte der Sendung nach dem ersten Sendetermin online verf\u00fcgbar unter<\/p>\n<p><a href=\"https:\/\/www.kirchenradio-oldenburg.de\/2024\/02\/guter-wille-hier-harte-fronten-dort\/\">www.kirchenradio-oldenburg.de\/2024\/02\/guter-wille-hier-harte-fronten-dort<\/a><\/p>\n<p>Das Kirchenmagazin von KR55 wird an jedem 2. Freitag im Monat um 18.00 Uhr und jeden 4. Sonntag um 13 Uhr \u00fcber den Oldenburger B\u00fcrgersender <em>Oldenburg Eins<\/em> gesendet.<br \/>\n<a href=\"https:\/\/www.kirchenradio-oldenburg.de\/\">KR55 &#8211; Kirchenradio Oldenburg<\/a><\/p>\n<p>Kirche-Oldenburg<br \/>\n<a href=\"https:\/\/www.kirche-oldenburg.de\/\/aktuell\/aus-den-kirchenkreisen\/artikel\/kr55-kirchenradio-oldenburg-guter-wille-hier-harte-fronten-dort\" target=\"_blank\" rel=\"noopener\">KR55 Kirchenradio Oldenburg: Guter Wille hier \u2013 harte Fronten dort<\/a><\/p>\n","protected":false},"excerpt":{"rendered":"<p>Am Freitag, 9. Februar 2024 (18 Uhr) und Sonntag, 25. Februar 2024 (13 Uhr) ist Andrea G\u00e4rtig vom deutschen Weltgebetstagskomitee beim KR55-Team im Radio von Oldenburg Eins zu Gast. Der Weltgebetstag ist inzwischen 100 Jahre alt und kommt in diesem Jahr ausgerechnet aus Pal\u00e4stina. Dort ist Krieg. Kann es gelingen, hier vom Frieden zu reden bei allem Leid und aller Zerst\u00f6rung dort? Andrea G\u00e4rtig plant den Weltgebetstag mit und stellt sich den Fragen von KR55. H\u00f6ren Sie rein! Sendetermine bei Oldenburg Eins (UKW 106,5 oder Web Radio): Freitag, 9. Februar 2024 um 18:00 Uhr Sonntag, 25. Februar 2024 um 13:00&#8230;<\/p>\n","protected":false},"author":7,"featured_media":0,"comment_status":"false","ping_status":"open","sticky":false,"template":"","format":"standard","meta":{"footnotes":""},"categories":[43],"tags":[44],"class_list":["post-26424","post","type-post","status-publish","format-standard","hentry","category-kirche-oldenburg","tag-kirche-oldenburg"],"_links":{"self":[{"href":"https:\/\/christusnews.de\/site\/wp-json\/wp\/v2\/posts\/26424","targetHints":{"allow":["GET"]}}],"collection":[{"href":"https:\/\/christusnews.de\/site\/wp-json\/wp\/v2\/posts"}],"about":[{"href":"https:\/\/christusnews.de\/site\/wp-json\/wp\/v2\/types\/post"}],"author":[{"embeddable":true,"href":"https:\/\/christusnews.de\/site\/wp-json\/wp\/v2\/users\/7"}],"replies":[{"embeddable":true,"href":"https:\/\/christusnews.de\/site\/wp-json\/wp\/v2\/comments?post=26424"}],"version-history":[{"count":1,"href":"https:\/\/christusnews.de\/site\/wp-json\/wp\/v2\/posts\/26424\/revisions"}],"predecessor-version":[{"id":26425,"href":"https:\/\/christusnews.de\/site\/wp-json\/wp\/v2\/posts\/26424\/revisions\/26425"}],"wp:attachment":[{"href":"https:\/\/christusnews.de\/site\/wp-json\/wp\/v2\/media?parent=26424"}],"wp:term":[{"taxonomy":"category","embeddable":true,"href":"https:\/\/christusnews.de\/site\/wp-json\/wp\/v2\/categories?post=26424"},{"taxonomy":"post_tag","embeddable":true,"href":"https:\/\/christusnews.de\/site\/wp-json\/wp\/v2\/tags?post=26424"}],"curies":[{"name":"wp","href":"https:\/\/api.w.org\/{rel}","templated":true}]}}