{"id":26428,"date":"2024-02-07T10:53:00","date_gmt":"2024-02-07T09:53:00","guid":{"rendered":"https:\/\/christusnews.de\/site\/kirchentag-will-verstaerkt-sexualisierte-gewalt-zum-thema-machen\/"},"modified":"2024-02-08T22:18:55","modified_gmt":"2024-02-08T21:18:55","slug":"kirchentag-will-verstaerkt-sexualisierte-gewalt-zum-thema-machen","status":"publish","type":"post","link":"https:\/\/christusnews.de\/site\/kirchentag-will-verstaerkt-sexualisierte-gewalt-zum-thema-machen\/","title":{"rendered":"Kirchentag will verst\u00e4rkt sexualisierte Gewalt zum Thema machen"},"content":{"rendered":"<p class=\"MsoPlainText\">Hannover\/Fulda (epd). Der Deutsche Evangelische Kirchentag will sich beim n\u00e4chsten Protestantentreffen 2025 in Hannover verst\u00e4rkt dem Thema sexualisierte Gewalt in der Kirche widmen. Dazu planen die die Organisatoren einen \u00abThementag\u00bb unter dem Titel \u00abMacht &#8211; Missbrauch &#8211; Verantwortung\u00bb, wie Kirchentagssprecherin Milena Vanini am Mittwoch dem Evangelischen Pressedienst (epd) mitteilte. Der 39. evangelische Kirchentag in Hannover beginnt am 30. April 2025 und endet am 4. Mai. Er steht unter der Losung \u00abmutig &#8211; stark &#8211; beherzt\u00bb.<\/p>\n<p class=\"MsoPlainText\">&nbsp;<\/p>\n<p class=\"MsoPlainText\">Wer die Projektleitung f\u00fcr den Thementag habe, werde demn\u00e4chst festgelegt, sagte Vanini. Dann k\u00f6nnten die konkreten Planungen beginnen. Ein solches Programm sei nur mit Beteiligung von Betroffenen denkbar, betonte die Sprecherin. Kritiker hatten bem\u00e4ngelt, dass der 38. Deutsche Evangelische Kirchentag im Juni 2023 in N\u00fcrnberg das Thema sexualisierte Gewalt nur am Rande behandelt habe.<\/p>\n<p class=\"MsoPlainText\">&nbsp;<\/p>\n<p class=\"MsoPlainText\">Ende Januar hatten Forscher die Ergebnisse der ForuM-Studie \u00fcber sexualisierte Gewalt in der Kirche vorgestellt. Danach gab es in der evangelischen Kirche und in Einrichtungen der Diakonie weit mehr sexualisierte Gewalt als bislang angenommen. Die unabh\u00e4ngige und interdisziplin\u00e4re Studie spricht von mindestens 2.225 Betroffenen und 1.259 mutma\u00dflichen T\u00e4tern.<\/p>\n<p class=\"MsoPlainText\">&nbsp;<\/p>\n<p class=\"MsoPlainText\">Daraufhin hatte der Kirchentag bekanntgegeben, er wolle die Empfehlungen der Studie an Kirche und Diakonie \u00fcbernehmen, so weit sie auf die Gro\u00dfveranstaltung \u00fcbertragbar seien. Auch der Kirchentag sei ein Ort f\u00fcr Menschen gewesen, die sexualisierte Gewalt ausge\u00fcbt, gedeckt, erm\u00f6glicht oder relativiert h\u00e4tten, sagte Generalsekret\u00e4rin Kristin Jahn. Das Wirken dieser Personen werde derzeit erforscht. Zur Pr\u00e4vention und dem Umgang mit sexualisierter Diskriminierung und Gewalt habe der Kirchentag ein Schutz- und F\u00fcrsorgekonzept erarbeitet.<\/p>\n<p>Kirche-Oldenburg<br \/>\n<a href=\"https:\/\/www.kirche-oldenburg.de\/\/aktuell\/news-niedersachsen\/artikel\/kirchentag-will-verstaerkt-sexualisierte-gewalt-zum-thema-machen\" target=\"_blank\" rel=\"noopener\">Kirchentag will verst\u00e4rkt sexualisierte Gewalt zum Thema machen<\/a><\/p>\n","protected":false},"excerpt":{"rendered":"<p>Hannover\/Fulda (epd). Der Deutsche Evangelische Kirchentag will sich beim n\u00e4chsten Protestantentreffen 2025 in Hannover verst\u00e4rkt dem Thema sexualisierte Gewalt in der Kirche widmen. Dazu planen die die Organisatoren einen \u00abThementag\u00bb unter dem Titel \u00abMacht &#8211; Missbrauch &#8211; Verantwortung\u00bb, wie Kirchentagssprecherin Milena Vanini am Mittwoch dem Evangelischen Pressedienst (epd) mitteilte. Der 39. evangelische Kirchentag in Hannover beginnt am 30. April 2025 und endet am 4. Mai. Er steht unter der Losung \u00abmutig &#8211; stark &#8211; beherzt\u00bb. &nbsp; Wer die Projektleitung f\u00fcr den Thementag habe, werde demn\u00e4chst festgelegt, sagte Vanini. Dann k\u00f6nnten die konkreten Planungen beginnen. Ein solches Programm sei nur mit&#8230;<\/p>\n","protected":false},"author":7,"featured_media":0,"comment_status":"false","ping_status":"open","sticky":false,"template":"","format":"standard","meta":{"footnotes":""},"categories":[43],"tags":[44],"class_list":["post-26428","post","type-post","status-publish","format-standard","hentry","category-kirche-oldenburg","tag-kirche-oldenburg"],"_links":{"self":[{"href":"https:\/\/christusnews.de\/site\/wp-json\/wp\/v2\/posts\/26428","targetHints":{"allow":["GET"]}}],"collection":[{"href":"https:\/\/christusnews.de\/site\/wp-json\/wp\/v2\/posts"}],"about":[{"href":"https:\/\/christusnews.de\/site\/wp-json\/wp\/v2\/types\/post"}],"author":[{"embeddable":true,"href":"https:\/\/christusnews.de\/site\/wp-json\/wp\/v2\/users\/7"}],"replies":[{"embeddable":true,"href":"https:\/\/christusnews.de\/site\/wp-json\/wp\/v2\/comments?post=26428"}],"version-history":[{"count":1,"href":"https:\/\/christusnews.de\/site\/wp-json\/wp\/v2\/posts\/26428\/revisions"}],"predecessor-version":[{"id":26429,"href":"https:\/\/christusnews.de\/site\/wp-json\/wp\/v2\/posts\/26428\/revisions\/26429"}],"wp:attachment":[{"href":"https:\/\/christusnews.de\/site\/wp-json\/wp\/v2\/media?parent=26428"}],"wp:term":[{"taxonomy":"category","embeddable":true,"href":"https:\/\/christusnews.de\/site\/wp-json\/wp\/v2\/categories?post=26428"},{"taxonomy":"post_tag","embeddable":true,"href":"https:\/\/christusnews.de\/site\/wp-json\/wp\/v2\/tags?post=26428"}],"curies":[{"name":"wp","href":"https:\/\/api.w.org\/{rel}","templated":true}]}}