{"id":26434,"date":"2024-02-08T11:47:00","date_gmt":"2024-02-08T10:47:00","guid":{"rendered":"https:\/\/christusnews.de\/site\/bischof-schreibt-an-ehrenamtliche-missbrauchsstudie-verunsichert\/"},"modified":"2024-02-09T22:17:20","modified_gmt":"2024-02-09T21:17:20","slug":"bischof-schreibt-an-ehrenamtliche-missbrauchsstudie-verunsichert","status":"publish","type":"post","link":"https:\/\/christusnews.de\/site\/bischof-schreibt-an-ehrenamtliche-missbrauchsstudie-verunsichert\/","title":{"rendered":"Bischof schreibt an Ehrenamtliche: Missbrauchsstudie verunsichert"},"content":{"rendered":"<p class=\"MsoPlainText\">Hannover (epd). Als Reaktion auf die Ende Januar vorgestellte Studie zum Missbrauch in der evangelischen Kirche hat der hannoversche Landesbischof Ralf Meister an die Kirchenvorst\u00e4nde und die Kandidierenden bei den Kirchenwahlen im M\u00e4rz geschrieben. \u00abDass so etwas Furchtbares in unserer Kirche geschehen konnte, verunsichert sehr\u00bb, hei\u00dft es in dem Brief, der dem Evangelischen Pressedienst (epd) vorliegt. \u00abSie \u00fcbernehmen \u00f6ffentlich Verantwortung f\u00fcr Ihre Kirchengemeinde. In einer Zeit, in der sich viele Fragen an unsere Kirche richten, ist das eine Herausforderung.\u00bb Bei den Kirchenwahlen am 10. M\u00e4rz kandidieren 7.411 Frauen und M\u00e4nner f\u00fcr die ehrenamtliche Kirchenvorst\u00e4nde in den 1.219 Gemeinden der Landeskirche.<\/p>\n<p class=\"MsoPlainText\">&nbsp;<\/p>\n<p class=\"MsoPlainText\">Laut der sogenannten ForuM-Studie gab es in der evangelischen Kirche und in Einrichtungen der Diakonie weit mehr sexualisierte Gewalt als bislang angenommen. Die unabh\u00e4ngige Studie spricht von mindestens 2.225 Betroffenen und 1.259 mutma\u00dflichen T\u00e4tern. Zugleich geht sie von einer hohen Dunkelziffer aus. Meister nennt in dem Brief f\u00fcr seine Landeskirche 123 Beschuldigte, die zwischen 1945 und 2023 sexualisierte Gewalt ausge\u00fcbt haben sollen oder bei denen der begr\u00fcndete Verdacht besteht.<\/p>\n<p class=\"MsoPlainText\">&nbsp;<\/p>\n<p class=\"MsoPlainText\">Die Ergebnisse der Studie zeigten nicht nur, wie h\u00e4ufig es sexualisierte Gewalt in der Kirche gegeben habe. \u00abSie zeigen auch durch zahlreiche Interviews mit betroffenen Personen, dass die Wege zur Aufkl\u00e4rung sowie die Anerkennung des Unrechts der Betroffenen ebenso unzureichend waren wie der Umgang mit Beschuldigten\u00bb, r\u00e4umt der Bischof ein. Er geht auch auf die Kritik ein, die Landeskirchen h\u00e4tten den Forschenden nicht ausreichend Aktenmaterial geliefert.<\/p>\n<p class=\"MsoPlainText\">&nbsp;<\/p>\n<p class=\"MsoPlainText\">\u00abDie Landeskirche Hannovers hat alle geforderten Daten fristgerecht zur Verf\u00fcgung gestellt\u00bb schreibt er. Sie sei weiter bereit, zus\u00e4tzliche erforderliche Akten zu \u00fcberpr\u00fcfen. \u00abEs geht dabei in gro\u00dfen Landeskirchen wie unserer um Zehntausende von Dokumenten aus mehr als 70 Jahren. Das erfordert Zeit.\u00bb<\/p>\n<p class=\"MsoPlainText\">&nbsp;<\/p>\n<p class=\"MsoPlainText\">Aktuell gilt das Augenmerk Meister zufolge auch den Schutzkonzepten, die bis Ende des Jahres in allen Kirchenkreisen und Einrichtungen entwickelt werden sollten. Das werde auch eine wichtige Aufgabe der Kirchenvorst\u00e4nde sein. \u00abDie Verbrechen, die begangen wurden, sind ein Verrat an dem Auftrag, den Gott uns gegeben hat\u00bb, schreibt er. \u00abSie sind ein Verrat an dem, was Gott f\u00fcr uns Menschen und f\u00fcr unser Miteinander will.\u00bb<\/p>\n<p>Kirche-Oldenburg<br \/>\n<a href=\"https:\/\/www.kirche-oldenburg.de\/\/aktuell\/news-niedersachsen\/artikel\/bischof-schreibt-an-ehrenamtliche-missbrauchsstudie-verunsichert\" target=\"_blank\" rel=\"noopener\">Bischof schreibt an Ehrenamtliche: Missbrauchsstudie verunsichert<\/a><\/p>\n","protected":false},"excerpt":{"rendered":"<p>Hannover (epd). Als Reaktion auf die Ende Januar vorgestellte Studie zum Missbrauch in der evangelischen Kirche hat der hannoversche Landesbischof Ralf Meister an die Kirchenvorst\u00e4nde und die Kandidierenden bei den Kirchenwahlen im M\u00e4rz geschrieben. \u00abDass so etwas Furchtbares in unserer Kirche geschehen konnte, verunsichert sehr\u00bb, hei\u00dft es in dem Brief, der dem Evangelischen Pressedienst (epd) vorliegt. \u00abSie \u00fcbernehmen \u00f6ffentlich Verantwortung f\u00fcr Ihre Kirchengemeinde. In einer Zeit, in der sich viele Fragen an unsere Kirche richten, ist das eine Herausforderung.\u00bb Bei den Kirchenwahlen am 10. M\u00e4rz kandidieren 7.411 Frauen und M\u00e4nner f\u00fcr die ehrenamtliche Kirchenvorst\u00e4nde in den 1.219 Gemeinden der Landeskirche&#8230;.<\/p>\n","protected":false},"author":7,"featured_media":0,"comment_status":"false","ping_status":"open","sticky":false,"template":"","format":"standard","meta":{"footnotes":""},"categories":[43],"tags":[44],"class_list":["post-26434","post","type-post","status-publish","format-standard","hentry","category-kirche-oldenburg","tag-kirche-oldenburg"],"_links":{"self":[{"href":"https:\/\/christusnews.de\/site\/wp-json\/wp\/v2\/posts\/26434","targetHints":{"allow":["GET"]}}],"collection":[{"href":"https:\/\/christusnews.de\/site\/wp-json\/wp\/v2\/posts"}],"about":[{"href":"https:\/\/christusnews.de\/site\/wp-json\/wp\/v2\/types\/post"}],"author":[{"embeddable":true,"href":"https:\/\/christusnews.de\/site\/wp-json\/wp\/v2\/users\/7"}],"replies":[{"embeddable":true,"href":"https:\/\/christusnews.de\/site\/wp-json\/wp\/v2\/comments?post=26434"}],"version-history":[{"count":1,"href":"https:\/\/christusnews.de\/site\/wp-json\/wp\/v2\/posts\/26434\/revisions"}],"predecessor-version":[{"id":26435,"href":"https:\/\/christusnews.de\/site\/wp-json\/wp\/v2\/posts\/26434\/revisions\/26435"}],"wp:attachment":[{"href":"https:\/\/christusnews.de\/site\/wp-json\/wp\/v2\/media?parent=26434"}],"wp:term":[{"taxonomy":"category","embeddable":true,"href":"https:\/\/christusnews.de\/site\/wp-json\/wp\/v2\/categories?post=26434"},{"taxonomy":"post_tag","embeddable":true,"href":"https:\/\/christusnews.de\/site\/wp-json\/wp\/v2\/tags?post=26434"}],"curies":[{"name":"wp","href":"https:\/\/api.w.org\/{rel}","templated":true}]}}