{"id":26446,"date":"2024-02-11T14:56:00","date_gmt":"2024-02-11T13:56:00","guid":{"rendered":"https:\/\/christusnews.de\/site\/sabine-schiermeyer-ist-neue-regionalbischoefin-in-ostfriesland\/"},"modified":"2024-02-12T22:17:20","modified_gmt":"2024-02-12T21:17:20","slug":"sabine-schiermeyer-ist-neue-regionalbischoefin-in-ostfriesland","status":"publish","type":"post","link":"https:\/\/christusnews.de\/site\/sabine-schiermeyer-ist-neue-regionalbischoefin-in-ostfriesland\/","title":{"rendered":"Sabine Schiermeyer ist neue Regionalbisch\u00f6fin in Ostfriesland"},"content":{"rendered":"<p class=\"MsoPlainText\">Emden (epd). Sabine Schiermeyer ist nun offiziell die neue Regionalbisch\u00f6fin f\u00fcr den evangelisch-lutherischen Sprengel Ostfriesland-Ems. Der hannoversche Landesbischof Ralf Meister \u00fcberreichte der 56-j\u00e4hrigen Theologin am Sonntag in einem Festgottesdienst in der voll besetzten Emder Martin-Luther-Kirche das Bisch\u00f6finnen-Kreuz und f\u00fchrte sie damit in ihr neues Amt ein.<\/p>\n<p class=\"MsoPlainText\">&nbsp;<\/p>\n<p class=\"MsoPlainText\">Meister sagte, die neue Regionalbisch\u00f6fin habe eine \u00abwunderbare Gabe\u00bb, Menschen zu bewegen. \u00abDu hast einen Blick f\u00fcr die Dinge, die getan werden m\u00fcssen und ein Gesp\u00fcr f\u00fcr die Menschen, f\u00fcr das, was sie brauchen.\u00bb Schiermeyer folgt Detlef Klahr im Amt, der im vergangenen August in den Ruhestand getreten ist. Sie war zuletzt Superintendentin des evangelischen Kirchenkreises Stolzenau-Loccum.<\/p>\n<p class=\"MsoPlainText\">&nbsp;<\/p>\n<p class=\"MsoPlainText\">In ihrer Predigt sprach die Regionalbisch\u00f6fin die j\u00fcngste Studie zu sexualisierter Gewalt in der evangelischen Kirche an. Kurz nach ihrem Berufseintritt als Pastorin habe ein Kollege in der Nachbargemeinde seine Frau erschlagen, aus Angst, sie k\u00f6nne ihn auffliegen lassen. \u00abDamals war ich entsetzt, und heute bin ich es wieder, weil das, was ich als extremen Einzelfall wahrnahm, in unserer Kirche viel mehr System hatte und hat, als ich es mir je h\u00e4tte vorstellen k\u00f6nnen\u00bb, sagte Schiermeyer. \u00abNarzisstische Egotrips und sexualisierte Gewalt unter dem Deckmantel der Worte: Gott hat dich lieb &#8211; schlimmer kann man das Evangelium nicht korrumpieren.\u00bb<\/p>\n<p class=\"MsoPlainText\">&nbsp;<\/p>\n<p class=\"MsoPlainText\">Damals wie heute gehe es um das Aufr\u00e4umen von Tr\u00fcmmern und das Sch\u00e4rfen der Ohren f\u00fcr die Unterscheidung von Menschenwort und Gotteswort, sagte die Theologin. Ihr gebe die in der Bibel verhei\u00dfene Hoffnung Kraft, die das Gef\u00fchl der Vergeblichkeit aufbreche. \u00abHoffnung, dass nichts so bleiben muss, wie es ist. Weil noch etwas aussteht. Und manchmal wird es schon Wirklichkeit.\u00bb<\/p>\n<p class=\"MsoPlainText\">&nbsp;<\/p>\n<p class=\"MsoPlainText\">Die Kirchenpr\u00e4sidentin der Evangelisch-reformierten Kirche mit Sitz im benachbarten Leer, Susanne Bei der Wieden, gratulierte der Regionalbisch\u00f6fin und lud sie zur engen Zusammenarbeit ein. \u00abWir alle sind mehr denn je gefordert, gegen Unrecht und Menschenverachtung, gegen rechtsextreme Parolen und auch gegen die leisen T\u00f6ne, die unsere Demokratie gef\u00e4hrden, aufzustehen.\u00bb Das gelte ebenso im Hinblick auf das gro\u00dfe und wichtige Thema der sexualisierten Gewalt.<\/p>\n<p class=\"MsoPlainText\">&nbsp;<\/p>\n<p class=\"MsoPlainText\">Die Vizepr\u00e4sidentin des Nieders\u00e4chsischen Landtages, Meta Janssen-Kucz (Gr\u00fcne), sagte in ihrem Gru\u00dfwort: \u00abFrau Regionalbisch\u00f6fin Schiermeyer, Sie sind in einer Region angekommen, die vom Meer begrenzt ist, aber eine ungeahnte Weite zu bieten hat. Eine Region, die f\u00fcr ein Miteinander, Toleranz und Offenheit \u00fcber&nbsp;Kirchen- und Landesgrenzen hinweg steht.\u00bb Angesichts der gegenw\u00e4rtig unruhigen Zeit, in der sich alle f\u00fcr die Demokratie und den gesellschaftlichen Zusammenhalt starkmachen m\u00fcssten, sollte das Motto des Deutschen Evangelischen Kirchentags 2025 in Hannover \u00abmutig &#8211; stark &#8211; beherzt\u00bb schon jetzt das Motto des Sprengels Ostfriesland-Ems sein.<\/p>\n<p>Kirche-Oldenburg<br \/>\n<a href=\"https:\/\/www.kirche-oldenburg.de\/\/aktuell\/news-niedersachsen\/artikel\/sabine-schiermeyer-ist-neue-regionalbischoefin-in-ostfriesland\" target=\"_blank\" rel=\"noopener\">Sabine Schiermeyer ist neue Regionalbisch\u00f6fin in Ostfriesland<\/a><\/p>\n","protected":false},"excerpt":{"rendered":"<p>Emden (epd). Sabine Schiermeyer ist nun offiziell die neue Regionalbisch\u00f6fin f\u00fcr den evangelisch-lutherischen Sprengel Ostfriesland-Ems. Der hannoversche Landesbischof Ralf Meister \u00fcberreichte der 56-j\u00e4hrigen Theologin am Sonntag in einem Festgottesdienst in der voll besetzten Emder Martin-Luther-Kirche das Bisch\u00f6finnen-Kreuz und f\u00fchrte sie damit in ihr neues Amt ein. &nbsp; Meister sagte, die neue Regionalbisch\u00f6fin habe eine \u00abwunderbare Gabe\u00bb, Menschen zu bewegen. \u00abDu hast einen Blick f\u00fcr die Dinge, die getan werden m\u00fcssen und ein Gesp\u00fcr f\u00fcr die Menschen, f\u00fcr das, was sie brauchen.\u00bb Schiermeyer folgt Detlef Klahr im Amt, der im vergangenen August in den Ruhestand getreten ist. Sie war zuletzt Superintendentin&#8230;<\/p>\n","protected":false},"author":7,"featured_media":0,"comment_status":"false","ping_status":"open","sticky":false,"template":"","format":"standard","meta":{"footnotes":""},"categories":[43],"tags":[44],"class_list":["post-26446","post","type-post","status-publish","format-standard","hentry","category-kirche-oldenburg","tag-kirche-oldenburg"],"_links":{"self":[{"href":"https:\/\/christusnews.de\/site\/wp-json\/wp\/v2\/posts\/26446","targetHints":{"allow":["GET"]}}],"collection":[{"href":"https:\/\/christusnews.de\/site\/wp-json\/wp\/v2\/posts"}],"about":[{"href":"https:\/\/christusnews.de\/site\/wp-json\/wp\/v2\/types\/post"}],"author":[{"embeddable":true,"href":"https:\/\/christusnews.de\/site\/wp-json\/wp\/v2\/users\/7"}],"replies":[{"embeddable":true,"href":"https:\/\/christusnews.de\/site\/wp-json\/wp\/v2\/comments?post=26446"}],"version-history":[{"count":1,"href":"https:\/\/christusnews.de\/site\/wp-json\/wp\/v2\/posts\/26446\/revisions"}],"predecessor-version":[{"id":26447,"href":"https:\/\/christusnews.de\/site\/wp-json\/wp\/v2\/posts\/26446\/revisions\/26447"}],"wp:attachment":[{"href":"https:\/\/christusnews.de\/site\/wp-json\/wp\/v2\/media?parent=26446"}],"wp:term":[{"taxonomy":"category","embeddable":true,"href":"https:\/\/christusnews.de\/site\/wp-json\/wp\/v2\/categories?post=26446"},{"taxonomy":"post_tag","embeddable":true,"href":"https:\/\/christusnews.de\/site\/wp-json\/wp\/v2\/tags?post=26446"}],"curies":[{"name":"wp","href":"https:\/\/api.w.org\/{rel}","templated":true}]}}