{"id":26448,"date":"2024-02-11T14:54:00","date_gmt":"2024-02-11T13:54:00","guid":{"rendered":"https:\/\/christusnews.de\/site\/medizinkongress-zu-assistiertem-suizid-und-globalisierung\/"},"modified":"2024-02-12T22:17:20","modified_gmt":"2024-02-12T21:17:20","slug":"medizinkongress-zu-assistiertem-suizid-und-globalisierung","status":"publish","type":"post","link":"https:\/\/christusnews.de\/site\/medizinkongress-zu-assistiertem-suizid-und-globalisierung\/","title":{"rendered":"Medizinkongress zu assistiertem Suizid und Globalisierung"},"content":{"rendered":"<p class=\"MsoPlainText\">Bremen (epd). Der assistierte Suizid, k\u00fcnstliche Intelligenz am Krankenbett, chronische Schmerzen und totgeglaubte Krankheitserreger geh\u00f6ren zu den Themen des 34. Bremer Medizinkongresses \u00abIntensivmedizin und Intensivpflege\u00bb von Mittwoch (14. Februar) bis zum 16. Februar. Dabei werden in der Messe und dem Congress Centrum rund 390 Referentinnen und Referenten Einblicke in die neuesten Entwicklungen geben, wie die Organisatoren mitteilten. Zu dem Kongress werden bis zu 5.000 Teilnehmerinnen und Teilnehmer erwartet.<\/p>\n<p class=\"MsoPlainText\">&nbsp;<\/p>\n<p class=\"MsoPlainText\">Auf vielfachen Wunsch habe das Programmkomitee das Thema \u00abAssistierter Suizid\u00bb aufgenommen, hie\u00df es. Dabei gehe es um die Selbstbestimmung bis zum Lebensende und die Frage, wer unter welchen Bedingungen entscheiden darf, wenn Betroffene dazu nicht in der Lage sind. Dazu sollen die aktuelle Rechtslage und das Vertragsrecht f\u00fcr Ehegatten diskutiert werden.<\/p>\n<p class=\"MsoPlainText\">&nbsp;<\/p>\n<p class=\"MsoPlainText\">Ein weiteres Schwerpunktthema ist die Infektiologie in Zeiten der Globalisierung. Aufgrund von Kriegen, Umweltkatastrophen und Armut sind laut dem Fl\u00fcchtlingswerk der Vereinten Nationen derzeit weltweit rund 100 Millionen Menschen auf der Flucht. \u00abNeben der Globalisierung k\u00f6nnen diese V\u00f6lkerwanderungen zur Verschleppung uns g\u00e4nzlich unbekannter oder l\u00e4ngst totgeglaubter Infektionserreger mit hohen Resistenzraten f\u00fchren\u00bb, sagte die \u00c4rztliche Leiterin und Gesch\u00e4ftsf\u00fchrerin des LADR Laborzentrums Bremen, Professorin Mariam Klouche. Daf\u00fcr sollten die Besucherinnen und Besucher des Kongresses sensibilisiert werden.<\/p>\n<p>Kirche-Oldenburg<br \/>\n<a href=\"https:\/\/www.kirche-oldenburg.de\/\/aktuell\/news-niedersachsen\/artikel\/medizinkongress-zu-assistiertem-suizid-und-globalisierung\" target=\"_blank\" rel=\"noopener\">Medizinkongress zu assistiertem Suizid und Globalisierung<\/a><\/p>\n","protected":false},"excerpt":{"rendered":"<p>Bremen (epd). Der assistierte Suizid, k\u00fcnstliche Intelligenz am Krankenbett, chronische Schmerzen und totgeglaubte Krankheitserreger geh\u00f6ren zu den Themen des 34. Bremer Medizinkongresses \u00abIntensivmedizin und Intensivpflege\u00bb von Mittwoch (14. Februar) bis zum 16. Februar. Dabei werden in der Messe und dem Congress Centrum rund 390 Referentinnen und Referenten Einblicke in die neuesten Entwicklungen geben, wie die Organisatoren mitteilten. Zu dem Kongress werden bis zu 5.000 Teilnehmerinnen und Teilnehmer erwartet. &nbsp; Auf vielfachen Wunsch habe das Programmkomitee das Thema \u00abAssistierter Suizid\u00bb aufgenommen, hie\u00df es. Dabei gehe es um die Selbstbestimmung bis zum Lebensende und die Frage, wer unter welchen Bedingungen entscheiden darf,&#8230;<\/p>\n","protected":false},"author":7,"featured_media":0,"comment_status":"false","ping_status":"open","sticky":false,"template":"","format":"standard","meta":{"footnotes":""},"categories":[43],"tags":[44],"class_list":["post-26448","post","type-post","status-publish","format-standard","hentry","category-kirche-oldenburg","tag-kirche-oldenburg"],"_links":{"self":[{"href":"https:\/\/christusnews.de\/site\/wp-json\/wp\/v2\/posts\/26448","targetHints":{"allow":["GET"]}}],"collection":[{"href":"https:\/\/christusnews.de\/site\/wp-json\/wp\/v2\/posts"}],"about":[{"href":"https:\/\/christusnews.de\/site\/wp-json\/wp\/v2\/types\/post"}],"author":[{"embeddable":true,"href":"https:\/\/christusnews.de\/site\/wp-json\/wp\/v2\/users\/7"}],"replies":[{"embeddable":true,"href":"https:\/\/christusnews.de\/site\/wp-json\/wp\/v2\/comments?post=26448"}],"version-history":[{"count":1,"href":"https:\/\/christusnews.de\/site\/wp-json\/wp\/v2\/posts\/26448\/revisions"}],"predecessor-version":[{"id":26449,"href":"https:\/\/christusnews.de\/site\/wp-json\/wp\/v2\/posts\/26448\/revisions\/26449"}],"wp:attachment":[{"href":"https:\/\/christusnews.de\/site\/wp-json\/wp\/v2\/media?parent=26448"}],"wp:term":[{"taxonomy":"category","embeddable":true,"href":"https:\/\/christusnews.de\/site\/wp-json\/wp\/v2\/categories?post=26448"},{"taxonomy":"post_tag","embeddable":true,"href":"https:\/\/christusnews.de\/site\/wp-json\/wp\/v2\/tags?post=26448"}],"curies":[{"name":"wp","href":"https:\/\/api.w.org\/{rel}","templated":true}]}}