{"id":26450,"date":"2024-02-10T14:51:00","date_gmt":"2024-02-10T13:51:00","guid":{"rendered":"https:\/\/christusnews.de\/site\/kita-krise-fruehpaedagogin-wehrmann-fordert-nationalen-bildungsgipfel\/"},"modified":"2024-02-12T22:17:21","modified_gmt":"2024-02-12T21:17:21","slug":"kita-krise-fruehpaedagogin-wehrmann-fordert-nationalen-bildungsgipfel","status":"publish","type":"post","link":"https:\/\/christusnews.de\/site\/kita-krise-fruehpaedagogin-wehrmann-fordert-nationalen-bildungsgipfel\/","title":{"rendered":"Kita-Krise: Fr\u00fchp\u00e4dagogin Wehrmann fordert nationalen Bildungsgipfel"},"content":{"rendered":"<p class=\"MsoPlainText\">Bremen (epd). Zusammen mit Verb\u00fcndeten hat die Bremer Fr\u00fchp\u00e4dagogin Ilse Wehrmann einen Vorsto\u00df zur \u00dcberwindung der bundesweiten Kita-Krise unternommen. \u00abWir brauchen an erster Stelle einen nationalen Bildungsgipfel, um das Ruder herumzurei\u00dfen &#8211; ein Gipfel mit Kanzler, Ministerpr\u00e4sidenten, Kultusministern und Fachleuten\u00bb, sagte Wehrmann dem Evangelischen Pressedienst (epd). Ihre Forderungen hat sie in einem offenen Brief zusammengefasst, der unterst\u00fctzt durch den Freiburger Herder-Verlag an alle Bundestags- und Landtagsabgeordnete gerichtet ist.<\/p>\n<p class=\"MsoPlainText\">&nbsp;<\/p>\n<p class=\"MsoPlainText\">Die Anstrengungen in der Politik seien bisher nicht ausreichend gewesen, um die Krise mit Personalnot und hunderttausenden fehlenden Kita-Pl\u00e4tzen zu verhindern, kritisierte die 73-j\u00e4hrige Expertin, die als Beraterin in der Politik und f\u00fcr Unternehmen t\u00e4tig ist. Die Lage in vielen Einrichtungen sei desastr\u00f6s. Trotzdem gebe es gute Kitas, die allerdings oft von der Finanzkraft der Kommune und dem Familienbild des B\u00fcrgermeisters abh\u00e4ngig seien: \u00abDas darf nicht sein.Wir brauchen unter anderem bundesweit g\u00fcltige Standards, die in einem Kita-Qualit\u00e4tsgesetz festgeschrieben werden.\u00bb<\/p>\n<p class=\"MsoPlainText\">&nbsp;<\/p>\n<p class=\"MsoPlainText\">Im vergangenen Jahr hatte Wehrmann im Herder-Verlag eine Streitschrift unter dem Titel \u00abDer Kita-Kollaps\u00bb vorgelegt. Unter dem Titel \u00abDie gute Kita\u00bb erscheint nun am kommenden Montag (12. Februar) ein Nachfolge-Buch, in dem sie zusammen mit anderen Expertinnen und Experten beschreibt, was n\u00f6tig ist, um die Situation sp\u00fcrbar zu verbessern.<\/p>\n<p class=\"MsoPlainText\">&nbsp;<\/p>\n<p class=\"MsoPlainText\">\u00abIn den ersten sechs Jahren werden die Grundlagen f\u00fcr unser Land gelegt &#8211; mit der Erziehung der Kinder\u00bb, betonte Wehrmann. Die Kinder seien die Zukunft und geh\u00f6rten deshalb mit den Erziehenden \u00aban die erste Stelle der Gesellschaft\u00bb. Doch die Realit\u00e4t sei eine andere, die gesellschaftliche Wertsch\u00e4tzung f\u00fcr die Arbeit in den Kindertagesst\u00e4tten entspreche l\u00e4ngst nicht ihrer Bedeutung: \u00abDer Bildungsgipfel kann ein Startschuss sein, um das zu \u00e4ndern.\u00bb<\/p>\n<p class=\"MsoPlainText\">&nbsp;<\/p>\n<p class=\"MsoPlainText\">Wehrmann verwies auf Berechnungen der Bertelsmann-Stiftung, nach denen in Deutschland fast 430.000 Kita-Pl\u00e4tze fehlen, um den Betreuungsbedarf der Eltern zu erf\u00fcllen. Um wirkungsvoll gegenzusteuern, brauche es \u00abeine Art Erweckungsbewegung\u00bb und \u00abeine Revolution von unten\u00bb: \u00abEltern, Gro\u00dfeltern, Kinder und Erziehende m\u00fcssen gemeinsam auf die Stra\u00dfe gehen. Wir werden k\u00e4mpfen m\u00fcssen, denn in Deutschland gibt es keine Leidenschaft mehr f\u00fcr Kinder. Dabei sind gute Kitas doch elementar f\u00fcr die Bildungsgesellschaft.\u00bb<\/p>\n<p class=\"MsoPlainText\">&nbsp;<\/p>\n<p class=\"MsoPlainText\">Um gute Kitas zu erreichen, m\u00fcsse der Beruf der Erziehenden attraktiver gemacht werden unter anderem durch nicht zu gro\u00dfe Gruppen, eine bezahlte Ausbildung, multiprofessionelle Teams und den weiteren Ausbau von Kita- und Ausbildungskapazit\u00e4ten. Trotz Krise bleibt Wehrmann optimistisch: \u00abDie Anstrengung ist gro\u00df, aber wir k\u00f6nnen es schaffen, wenn wir ein breites gesellschaftliches B\u00fcndnis zusammenbringen.\u00bb<\/p>\n<p>Kirche-Oldenburg<br \/>\n<a href=\"https:\/\/www.kirche-oldenburg.de\/\/aktuell\/news-niedersachsen\/artikel\/kita-krise-fruehpaedagogin-wehrmann-fordert-nationalen-bildungsgipfel\" target=\"_blank\" rel=\"noopener\">Kita-Krise: Fr\u00fchp\u00e4dagogin Wehrmann fordert nationalen Bildungsgipfel<\/a><\/p>\n","protected":false},"excerpt":{"rendered":"<p>Bremen (epd). Zusammen mit Verb\u00fcndeten hat die Bremer Fr\u00fchp\u00e4dagogin Ilse Wehrmann einen Vorsto\u00df zur \u00dcberwindung der bundesweiten Kita-Krise unternommen. \u00abWir brauchen an erster Stelle einen nationalen Bildungsgipfel, um das Ruder herumzurei\u00dfen &#8211; ein Gipfel mit Kanzler, Ministerpr\u00e4sidenten, Kultusministern und Fachleuten\u00bb, sagte Wehrmann dem Evangelischen Pressedienst (epd). Ihre Forderungen hat sie in einem offenen Brief zusammengefasst, der unterst\u00fctzt durch den Freiburger Herder-Verlag an alle Bundestags- und Landtagsabgeordnete gerichtet ist. &nbsp; Die Anstrengungen in der Politik seien bisher nicht ausreichend gewesen, um die Krise mit Personalnot und hunderttausenden fehlenden Kita-Pl\u00e4tzen zu verhindern, kritisierte die 73-j\u00e4hrige Expertin, die als Beraterin in der Politik&#8230;<\/p>\n","protected":false},"author":7,"featured_media":0,"comment_status":"false","ping_status":"open","sticky":false,"template":"","format":"standard","meta":{"footnotes":""},"categories":[43],"tags":[44],"class_list":["post-26450","post","type-post","status-publish","format-standard","hentry","category-kirche-oldenburg","tag-kirche-oldenburg"],"_links":{"self":[{"href":"https:\/\/christusnews.de\/site\/wp-json\/wp\/v2\/posts\/26450","targetHints":{"allow":["GET"]}}],"collection":[{"href":"https:\/\/christusnews.de\/site\/wp-json\/wp\/v2\/posts"}],"about":[{"href":"https:\/\/christusnews.de\/site\/wp-json\/wp\/v2\/types\/post"}],"author":[{"embeddable":true,"href":"https:\/\/christusnews.de\/site\/wp-json\/wp\/v2\/users\/7"}],"replies":[{"embeddable":true,"href":"https:\/\/christusnews.de\/site\/wp-json\/wp\/v2\/comments?post=26450"}],"version-history":[{"count":1,"href":"https:\/\/christusnews.de\/site\/wp-json\/wp\/v2\/posts\/26450\/revisions"}],"predecessor-version":[{"id":26451,"href":"https:\/\/christusnews.de\/site\/wp-json\/wp\/v2\/posts\/26450\/revisions\/26451"}],"wp:attachment":[{"href":"https:\/\/christusnews.de\/site\/wp-json\/wp\/v2\/media?parent=26450"}],"wp:term":[{"taxonomy":"category","embeddable":true,"href":"https:\/\/christusnews.de\/site\/wp-json\/wp\/v2\/categories?post=26450"},{"taxonomy":"post_tag","embeddable":true,"href":"https:\/\/christusnews.de\/site\/wp-json\/wp\/v2\/tags?post=26450"}],"curies":[{"name":"wp","href":"https:\/\/api.w.org\/{rel}","templated":true}]}}