{"id":26475,"date":"2024-02-13T08:31:00","date_gmt":"2024-02-13T07:31:00","guid":{"rendered":"https:\/\/christusnews.de\/site\/evangelischer-buchpreis-fuer-milena-michiko-flasar\/"},"modified":"2024-02-15T10:17:56","modified_gmt":"2024-02-15T09:17:56","slug":"evangelischer-buchpreis-fuer-milena-michiko-flasar","status":"publish","type":"post","link":"https:\/\/christusnews.de\/site\/evangelischer-buchpreis-fuer-milena-michiko-flasar\/","title":{"rendered":"Evangelischer Buchpreis f\u00fcr Milena Michiko Flasar"},"content":{"rendered":"<p class=\"MsoPlainText\">G\u00f6ttingen (epd). Die japanisch-\u00f6sterreichische Schriftstellerin Milena Michiko Flasar bekommt den Evangelischen Buchpreis 2024. Sie erh\u00e4lt die mit 5.000 Euro dotierte Auszeichnung f\u00fcr ihr Buch \u00abOben Erde, unten Himmel\u00bb, wie der Vorsitzende des Evangelischen Literaturportals, der hannoversche Landesbischof Ralf Meister, am Dienstag bekannt gab. Die Preisverleihung soll am 15. Mai im Haus der Kirche in Kassel erfolgen.<\/p>\n<p class=\"MsoPlainText\">&nbsp;<\/p>\n<p class=\"MsoPlainText\">In dem Roman erz\u00e4hlt Flasar von einer Reinigungskraft, die Leichenfundorte s\u00e4ubert. \u00abNeben dem Sterben vereinsamter Menschen gibt es weitere Themen, die in diesem Roman verwoben sind\u00bb, begr\u00fcndete die Preisjury ihre Wahl: Die W\u00fcrde des Menschen, soziale Isolation in Gro\u00dfst\u00e4dten, Familienleben und Erwartungshaltungen, Alleinsein und Einsamkeit, Mitgef\u00fchl und Empathie, Achtsamkeit und Hoffnung.<\/p>\n<p class=\"MsoPlainText\">&nbsp;<\/p>\n<p class=\"MsoPlainText\">\u00abMit frischer, dabei sensibler und unterhaltsamer Sprache hat Milena Michiko Flasar diese wichtigen Themen so erz\u00e4hlt, dass sie anr\u00fchrend und tiefgehend, optimistisch und w\u00fcrdevoll zugleich vermittelt werden\u00bb, hie\u00df es weiter. \u00abDas Ganze ist mit leicht schwarzem und trockenem Humor gew\u00fcrzt. Mit feiner, umsichtiger Lebensphilosophie wird die Geschichte leicht zug\u00e4nglich, aber auf pr\u00e4gnantem Niveau erz\u00e4hlt.\u00bb<\/p>\n<p class=\"MsoPlainText\">&nbsp;<\/p>\n<p class=\"MsoPlainText\">Milena Michiko Flasar, geboren 1980 in St. P\u00f6lten, studierte in Wien und Berlin Germanistik und Romanistik. Sie ist die Tochter einer japanischen Mutter und eines \u00f6sterreichischen Vaters. Die Autorin lebt mit ihrer Familie in Wien.<\/p>\n<p class=\"MsoPlainText\">&nbsp;<\/p>\n<p class=\"MsoPlainText\">Der Evangelische Buchpreis wird seit 1979 vom in G\u00f6ttingen ans\u00e4ssigen Evangelischen Literaturportal, dem Dachverband evangelischer \u00f6ffentlicher B\u00fcchereien, verliehen. Titel werden nicht von den Verlagen oder Autoren, sondern von Lesenden vorgeschlagen. Gesucht und ausgezeichnet werden laut Literaturportale B\u00fccher, \u00abdie anregen \u00fcber uns selbst, unser Miteinander und unser Leben mit Gott neu nachzudenken\u00bb.<\/p>\n<p>Kirche-Oldenburg<br \/>\n<a href=\"https:\/\/www.kirche-oldenburg.de\/\/aktuell\/news-niedersachsen\/artikel\/evangelischer-buchpreis-fuer-milena-michiko-flasar\" target=\"_blank\" rel=\"noopener\">Evangelischer Buchpreis f\u00fcr Milena Michiko Flasar<\/a><\/p>\n","protected":false},"excerpt":{"rendered":"<p>G\u00f6ttingen (epd). Die japanisch-\u00f6sterreichische Schriftstellerin Milena Michiko Flasar bekommt den Evangelischen Buchpreis 2024. Sie erh\u00e4lt die mit 5.000 Euro dotierte Auszeichnung f\u00fcr ihr Buch \u00abOben Erde, unten Himmel\u00bb, wie der Vorsitzende des Evangelischen Literaturportals, der hannoversche Landesbischof Ralf Meister, am Dienstag bekannt gab. Die Preisverleihung soll am 15. Mai im Haus der Kirche in Kassel erfolgen. &nbsp; In dem Roman erz\u00e4hlt Flasar von einer Reinigungskraft, die Leichenfundorte s\u00e4ubert. \u00abNeben dem Sterben vereinsamter Menschen gibt es weitere Themen, die in diesem Roman verwoben sind\u00bb, begr\u00fcndete die Preisjury ihre Wahl: Die W\u00fcrde des Menschen, soziale Isolation in Gro\u00dfst\u00e4dten, Familienleben und Erwartungshaltungen, Alleinsein&#8230;<\/p>\n","protected":false},"author":7,"featured_media":0,"comment_status":"false","ping_status":"open","sticky":false,"template":"","format":"standard","meta":{"footnotes":""},"categories":[43],"tags":[44],"class_list":["post-26475","post","type-post","status-publish","format-standard","hentry","category-kirche-oldenburg","tag-kirche-oldenburg"],"_links":{"self":[{"href":"https:\/\/christusnews.de\/site\/wp-json\/wp\/v2\/posts\/26475","targetHints":{"allow":["GET"]}}],"collection":[{"href":"https:\/\/christusnews.de\/site\/wp-json\/wp\/v2\/posts"}],"about":[{"href":"https:\/\/christusnews.de\/site\/wp-json\/wp\/v2\/types\/post"}],"author":[{"embeddable":true,"href":"https:\/\/christusnews.de\/site\/wp-json\/wp\/v2\/users\/7"}],"replies":[{"embeddable":true,"href":"https:\/\/christusnews.de\/site\/wp-json\/wp\/v2\/comments?post=26475"}],"version-history":[{"count":1,"href":"https:\/\/christusnews.de\/site\/wp-json\/wp\/v2\/posts\/26475\/revisions"}],"predecessor-version":[{"id":26476,"href":"https:\/\/christusnews.de\/site\/wp-json\/wp\/v2\/posts\/26475\/revisions\/26476"}],"wp:attachment":[{"href":"https:\/\/christusnews.de\/site\/wp-json\/wp\/v2\/media?parent=26475"}],"wp:term":[{"taxonomy":"category","embeddable":true,"href":"https:\/\/christusnews.de\/site\/wp-json\/wp\/v2\/categories?post=26475"},{"taxonomy":"post_tag","embeddable":true,"href":"https:\/\/christusnews.de\/site\/wp-json\/wp\/v2\/tags?post=26475"}],"curies":[{"name":"wp","href":"https:\/\/api.w.org\/{rel}","templated":true}]}}