{"id":26477,"date":"2024-02-13T08:29:00","date_gmt":"2024-02-13T07:29:00","guid":{"rendered":"https:\/\/christusnews.de\/site\/oldenburger-museum-zeigt-kabinettschau-ueber-den-wald\/"},"modified":"2024-02-15T10:17:56","modified_gmt":"2024-02-15T09:17:56","slug":"oldenburger-museum-zeigt-kabinettschau-ueber-den-wald","status":"publish","type":"post","link":"https:\/\/christusnews.de\/site\/oldenburger-museum-zeigt-kabinettschau-ueber-den-wald\/","title":{"rendered":"Oldenburger Museum zeigt Kabinettschau \u00fcber den Wald"},"content":{"rendered":"<p class=\"MsoPlainText\">Oldenburg (epd). Der Wald als Sehnsuchts- und R\u00fcckzugsort steht im Mittelpunkt einer Kabinettschau im Oldenburger Landesmuseum Kunst und Kultur, die ab diesem Dienstag (13. Februar) im Prinzenpalais zu sehen ist. Die Ausstellung \u00abWaldrauschen\u00bb vereine Bilder aus dem 19.&nbsp;und 20. Jahrhundert und lade die Besucherinnen und Besucher zu einem malerisch-poetischen Spaziergang ein, teilte das Museum am Montag mit. Die Schau endet am 12. Mai.<\/p>\n<p class=\"MsoPlainText\">&nbsp;<\/p>\n<p class=\"MsoPlainText\">Lange Zeit habe der Wald vor allem als Ort von Gefahren gegolten, hie\u00df es. Erst mit dem Beginn der Romantik am Ende des 18. Jahrhunderts und der fortschreitenden Industrialisierung seien die Waldfl\u00e4chen zunehmend erschlossen worden. Als Sehnsuchts- und R\u00fcckzugsort idealisiert sei der Wald zum Gegenpol einer industriell-urbanen und maschinengetriebenen Zivilisation geworden.<\/p>\n<p class=\"MsoPlainText\">&nbsp;<\/p>\n<p class=\"MsoPlainText\">In der wilhelminischen \u00c4ra, vor allem aber in der NS-Zeit sei der \u00abdeutsche Wald\u00bb dann instrumentalisiert und als Projektionsfl\u00e4che nationalistischer, rassistischer und biologischer Ideologien genutzt worden, hie\u00df es weiter. In den 1950er- und 1960er-Jahren habe er vor allem als romantisches Postkartenidyll und Kulisse von Heimatfilmen gedient. Seit den 1980er-Jahren nutzten kritische Stimmen den Wald immer wieder als Sinnbild f\u00fcr Umweltzerst\u00f6rung und Klimawandel.<\/p>\n<p class=\"MsoPlainText\">&nbsp;<\/p>\n<p class=\"MsoPlainText\">Durch die vielfachen Zuschreibungen spiele der Wald in den unterschiedlichsten Kunstgattungen eine Rolle. Seit der Romantik findet sich den Angaben zufolge die tiefe Verbundenheit mit dem Wald in unz\u00e4hligen M\u00e4rchen, Mythen und Erz\u00e4hlungen, aber auch als Bildmotiv in der Kunst wieder. So sei der Wald zu einem eigenst\u00e4ndigen k\u00fcnstlerischen Thema geworden, das von zahlreichen K\u00fcnstlerinnen und K\u00fcnstlern aufgegriffen wurde.<\/p>\n<p>Kirche-Oldenburg<br \/>\n<a href=\"https:\/\/www.kirche-oldenburg.de\/\/aktuell\/news-niedersachsen\/artikel\/oldenburger-museum-zeigt-kabinettschau-ueber-den-wald\" target=\"_blank\" rel=\"noopener\">Oldenburger Museum zeigt Kabinettschau \u00fcber den Wald<\/a><\/p>\n","protected":false},"excerpt":{"rendered":"<p>Oldenburg (epd). Der Wald als Sehnsuchts- und R\u00fcckzugsort steht im Mittelpunkt einer Kabinettschau im Oldenburger Landesmuseum Kunst und Kultur, die ab diesem Dienstag (13. Februar) im Prinzenpalais zu sehen ist. Die Ausstellung \u00abWaldrauschen\u00bb vereine Bilder aus dem 19.&nbsp;und 20. Jahrhundert und lade die Besucherinnen und Besucher zu einem malerisch-poetischen Spaziergang ein, teilte das Museum am Montag mit. Die Schau endet am 12. Mai. &nbsp; Lange Zeit habe der Wald vor allem als Ort von Gefahren gegolten, hie\u00df es. Erst mit dem Beginn der Romantik am Ende des 18. Jahrhunderts und der fortschreitenden Industrialisierung seien die Waldfl\u00e4chen zunehmend erschlossen worden. Als&#8230;<\/p>\n","protected":false},"author":7,"featured_media":0,"comment_status":"false","ping_status":"open","sticky":false,"template":"","format":"standard","meta":{"footnotes":""},"categories":[43],"tags":[44],"class_list":["post-26477","post","type-post","status-publish","format-standard","hentry","category-kirche-oldenburg","tag-kirche-oldenburg"],"_links":{"self":[{"href":"https:\/\/christusnews.de\/site\/wp-json\/wp\/v2\/posts\/26477","targetHints":{"allow":["GET"]}}],"collection":[{"href":"https:\/\/christusnews.de\/site\/wp-json\/wp\/v2\/posts"}],"about":[{"href":"https:\/\/christusnews.de\/site\/wp-json\/wp\/v2\/types\/post"}],"author":[{"embeddable":true,"href":"https:\/\/christusnews.de\/site\/wp-json\/wp\/v2\/users\/7"}],"replies":[{"embeddable":true,"href":"https:\/\/christusnews.de\/site\/wp-json\/wp\/v2\/comments?post=26477"}],"version-history":[{"count":1,"href":"https:\/\/christusnews.de\/site\/wp-json\/wp\/v2\/posts\/26477\/revisions"}],"predecessor-version":[{"id":26478,"href":"https:\/\/christusnews.de\/site\/wp-json\/wp\/v2\/posts\/26477\/revisions\/26478"}],"wp:attachment":[{"href":"https:\/\/christusnews.de\/site\/wp-json\/wp\/v2\/media?parent=26477"}],"wp:term":[{"taxonomy":"category","embeddable":true,"href":"https:\/\/christusnews.de\/site\/wp-json\/wp\/v2\/categories?post=26477"},{"taxonomy":"post_tag","embeddable":true,"href":"https:\/\/christusnews.de\/site\/wp-json\/wp\/v2\/tags?post=26477"}],"curies":[{"name":"wp","href":"https:\/\/api.w.org\/{rel}","templated":true}]}}