{"id":26533,"date":"2024-02-18T11:59:00","date_gmt":"2024-02-18T10:59:00","guid":{"rendered":"https:\/\/christusnews.de\/site\/fastenaktion-sieben-wochen-ohne-mit-fernsehgottesdienst-eroeffnet\/"},"modified":"2024-02-19T22:18:11","modified_gmt":"2024-02-19T21:18:11","slug":"fastenaktion-sieben-wochen-ohne-mit-fernsehgottesdienst-eroeffnet","status":"publish","type":"post","link":"https:\/\/christusnews.de\/site\/fastenaktion-sieben-wochen-ohne-mit-fernsehgottesdienst-eroeffnet\/","title":{"rendered":"Fastenaktion \u00abSieben Wochen Ohne\u00bb mit Fernsehgottesdienst er\u00f6ffnet"},"content":{"rendered":"<p>In der Fastenzeit vor Ostern \u00fcberdenken viele Christen ihren Lebensstil, manche verzichten aus freien St\u00fccken auf Fleisch oder Alkohol. Die diesj\u00e4hrige Fastenaktion der evangelischen Kirche will ein Zeichen f\u00fcr das Miteinander setzen.<\/p>\n<p>\nOsnabr\u00fcck (epd). Die Fastenaktion der evangelischen Kirche \u00abKomm r\u00fcber! Sieben Wochen ohne Alleing\u00e4nge\u00bb ist am Sonntag mit einem Fernsehgottesdienst er\u00f6ffnet worden. \u00abDer Karneval ist vorbei und die Fastenzeit hat begonnen\u00bb, sagte der hannoversche Landesbischof Ralf Meister in der Kirche St. Marien in Osnabr\u00fcck. \u00abSieben Wochen bis Ostern. Sieben Wochen, in denen Menschen ihre Zeit anders gestalten wollen. Sie fasten. Sie verzichten oder sie wollen bewusst sich selbst und anderen etwas g\u00f6nnen und geben.\u00bb Der Gottesdienst wurde im ZDF \u00fcbertragen.<\/p>\n<p>\n\u00abKomm r\u00fcber!\u00bb Das sei mehr als ein Satz, nach dem Einsame sich sehnten und von dem \u00dcberlastete genervt seien, sagte Meister in seiner Predigt. Es sei ein Satz, der Menschen zusammenbringe. Meister, der zugleich Botschafter der Fastenaktion ist, betonte, in diesen Wochen und Monaten h\u00f6rten viele Menschen ein \u00abKommt!\u00bb. \u00abHunderttausende f\u00fchlen sich derzeit auf die Stra\u00dfe gerufen. Am dritten Januarwochenende sollen es mehr als eine Million Menschen gewesen sein. Ein Ruf, dem viele Geh\u00f6r schenken. &#8216;Komm!&#8217; Es ist dringend! Unsere Demokratie, unsere Freiheit, unsere Mitmenschen brauchen dich.\u00bb<\/p>\n<p>\nDoch \u00abKomm r\u00fcber!\u00bb sei nicht immer ein Ruf, der ins Gute f\u00fchre, mahnte Meister. \u00ab&#8217;Komm r\u00fcber!&#8217; kann auch eine dunkle Seite haben. Vertrauen wird gebrochen. Das gilt, so wissen wir, besonders f\u00fcr sexualisierte Gewalt in der Kirche. Es ist zutiefst besch\u00e4mend, wie sehr Beschuldigte und Verd\u00e4chtige ihr Amt und das in sie gesetzte Vertrauen missbrauchten.\u00bb Bewusst seien Grenzen von Kindern und Erwachsenen \u00fcberschritten und ihnen Gewalt angetan worden. \u00abUnd wir haben viel zu lange Augen und Ohren verschlossen. Wir haben die Rufe der Betroffenen nicht geh\u00f6rt.\u00bb Daher gelte es, aufmerksam zu pr\u00fcfen: \u00abWer ruft mich? Wem kann ich vertrauen?\u00bb<\/p>\n<p>\nPastorin Andrea Kruckemeyer gestaltete den Gottesdienst rund um das Thema Alleing\u00e4nge. So ging es etwa um die Frage, wie sich eine Balance zwischen Alleinsein und der Gemeinschaft mit anderen herstellen lasse: \u00abWann wird das Alleinsein zum Alleingang? Und was hindert mich daran, auf andere zuzugehen?\u00bb Im Gottesdienst erz\u00e4hlten verschiedene Helfer davon, wie durch Gemeinschaft Vorurteile verschwanden und sich neue Handlungsm\u00f6glichkeiten er\u00f6ffneten.<\/p>\n<p>\nIn der Fasten- oder Passionszeit erinnern Christen an das Leiden und Sterben Jesu Christi und bereiten sich auf Ostern vor, auf die Botschaft von der Auferstehung. Die evangelische Aktion \u00ab7 Wochen Ohne\u00bb soll helfen, diese Wochen bewusst zu erleben und zu gestalten. Sie wurde 1983 gegr\u00fcndet. Die diesj\u00e4hrige Aktion setzt bis Ostern sieben Wochenthemen: \u00abMiteinander gehen\u00bb, \u00abMit den Liebsten\u00bb, \u00abMit denen da dr\u00fcben\u00bb, \u00abMit der Sch\u00f6pfung\u00bb, \u00abMit der weiten Welt\u00bb, \u00abMit den Anvertrauten\u00bb und \u00abMit Gott\u00bb.<\/p>\n<p>Kirche-Oldenburg<br \/>\n<a href=\"https:\/\/www.kirche-oldenburg.de\/\/aktuell\/news-niedersachsen\/artikel\/fastenaktion-sieben-wochen-ohne-mit-fernsehgottesdienst-eroeffnet\" target=\"_blank\" rel=\"noopener\">Fastenaktion \u00abSieben Wochen Ohne\u00bb mit Fernsehgottesdienst er\u00f6ffnet<\/a><\/p>\n","protected":false},"excerpt":{"rendered":"<p>In der Fastenzeit vor Ostern \u00fcberdenken viele Christen ihren Lebensstil, manche verzichten aus freien St\u00fccken auf Fleisch oder Alkohol. Die diesj\u00e4hrige Fastenaktion der evangelischen Kirche will ein Zeichen f\u00fcr das Miteinander setzen. Osnabr\u00fcck (epd). Die Fastenaktion der evangelischen Kirche \u00abKomm r\u00fcber! Sieben Wochen ohne Alleing\u00e4nge\u00bb ist am Sonntag mit einem Fernsehgottesdienst er\u00f6ffnet worden. \u00abDer Karneval ist vorbei und die Fastenzeit hat begonnen\u00bb, sagte der hannoversche Landesbischof Ralf Meister in der Kirche St. Marien in Osnabr\u00fcck. \u00abSieben Wochen bis Ostern. Sieben Wochen, in denen Menschen ihre Zeit anders gestalten wollen. Sie fasten. Sie verzichten oder sie wollen bewusst sich selbst und&#8230;<\/p>\n","protected":false},"author":7,"featured_media":0,"comment_status":"false","ping_status":"open","sticky":false,"template":"","format":"standard","meta":{"footnotes":""},"categories":[43],"tags":[44],"class_list":["post-26533","post","type-post","status-publish","format-standard","hentry","category-kirche-oldenburg","tag-kirche-oldenburg"],"_links":{"self":[{"href":"https:\/\/christusnews.de\/site\/wp-json\/wp\/v2\/posts\/26533","targetHints":{"allow":["GET"]}}],"collection":[{"href":"https:\/\/christusnews.de\/site\/wp-json\/wp\/v2\/posts"}],"about":[{"href":"https:\/\/christusnews.de\/site\/wp-json\/wp\/v2\/types\/post"}],"author":[{"embeddable":true,"href":"https:\/\/christusnews.de\/site\/wp-json\/wp\/v2\/users\/7"}],"replies":[{"embeddable":true,"href":"https:\/\/christusnews.de\/site\/wp-json\/wp\/v2\/comments?post=26533"}],"version-history":[{"count":1,"href":"https:\/\/christusnews.de\/site\/wp-json\/wp\/v2\/posts\/26533\/revisions"}],"predecessor-version":[{"id":26534,"href":"https:\/\/christusnews.de\/site\/wp-json\/wp\/v2\/posts\/26533\/revisions\/26534"}],"wp:attachment":[{"href":"https:\/\/christusnews.de\/site\/wp-json\/wp\/v2\/media?parent=26533"}],"wp:term":[{"taxonomy":"category","embeddable":true,"href":"https:\/\/christusnews.de\/site\/wp-json\/wp\/v2\/categories?post=26533"},{"taxonomy":"post_tag","embeddable":true,"href":"https:\/\/christusnews.de\/site\/wp-json\/wp\/v2\/tags?post=26533"}],"curies":[{"name":"wp","href":"https:\/\/api.w.org\/{rel}","templated":true}]}}