{"id":26541,"date":"2024-02-16T11:46:00","date_gmt":"2024-02-16T10:46:00","guid":{"rendered":"https:\/\/christusnews.de\/site\/gewaltforscher-hassattacken-gegen-gruene-nur-spitze-eines-eisbergs\/"},"modified":"2024-02-19T22:18:13","modified_gmt":"2024-02-19T21:18:13","slug":"gewaltforscher-hassattacken-gegen-gruene-nur-spitze-eines-eisbergs","status":"publish","type":"post","link":"https:\/\/christusnews.de\/site\/gewaltforscher-hassattacken-gegen-gruene-nur-spitze-eines-eisbergs\/","title":{"rendered":"Gewaltforscher: Hassattacken gegen Gr\u00fcne nur Spitze eines Eisbergs"},"content":{"rendered":"<p>Hannover\/Bielefeld (epd). Der Direktor des Instituts f\u00fcr interdisziplin\u00e4re Konflikt- und Gewaltforschung an der Universit\u00e4t Bielefeld, Andreas Zick, sieht in den j\u00fcngsten Angriffen auf Politiker der Gr\u00fcnen ein Symptom f\u00fcr den wachsenden Hass in der Gesellschaft. \u00abDie letzten \u00dcbergriffe sind nur die Spitze eines Eisbergs an Hass gegen Politikerinnen und Politiker der Gr\u00fcnen\u00bb, sagte er dem \u00abRedaktionsNetzwerk Deutschland\u00bb (Freitag).<\/p>\n<p>\nDie Gr\u00fcnen kursierten als Feindbild und wichtigstes Hassobjekt in vielen rechtspopulistischen und rechtsradikalen Gruppen, aber auch in der Mitte. \u00abRechtsradikale gewaltbereite Gruppen und Menschen wissen das und nutzen es, wenn sie die Proteste aufsuchen und dann Aktionen durchf\u00fchren\u00bb, sagte Zick.<\/p>\n<p>\nReizw\u00f6rter wie \u00abW\u00e4rmpumpe\u00bb oder \u00abfeministische Au\u00dfenpolitik\u00bb reichten, um Hassangriffe zu entz\u00fcnden, sagte der Gewaltforscher. Allerdings seien diese Hassbilder schon da gewesen, bevor sich die Gr\u00fcnen an der Ampel-Koalition beteiligt h\u00e4tten. \u00abJetzt haben gesellschaftliche Polarisierungsprozesse die Gewalt erleichtert.\u00bb<\/p>\n<p>\nSo h\u00e4tten bei einer repr\u00e4sentativen Umfrage k\u00fcrzlich 13 Prozent der Befragten die Meinung vertreten, einige Politiker h\u00e4tten es verdient, \u00abdass die Wut gegen sie schon mal in Gewalt umschl\u00e4gt\u00bb. Weitere 16 Prozent seien der Ansicht gewesen, das stimme teilweise.<br \/>\n&nbsp;<\/p>\n<p>Kirche-Oldenburg<br \/>\n<a href=\"https:\/\/www.kirche-oldenburg.de\/\/aktuell\/news-niedersachsen\/artikel\/gewaltforscher-hassattacken-gegen-gruene-nur-spitze-eines-eisbergs\" target=\"_blank\" rel=\"noopener\">Gewaltforscher: Hassattacken gegen Gr\u00fcne nur Spitze eines Eisbergs<\/a><\/p>\n","protected":false},"excerpt":{"rendered":"<p>Hannover\/Bielefeld (epd). Der Direktor des Instituts f\u00fcr interdisziplin\u00e4re Konflikt- und Gewaltforschung an der Universit\u00e4t Bielefeld, Andreas Zick, sieht in den j\u00fcngsten Angriffen auf Politiker der Gr\u00fcnen ein Symptom f\u00fcr den wachsenden Hass in der Gesellschaft. \u00abDie letzten \u00dcbergriffe sind nur die Spitze eines Eisbergs an Hass gegen Politikerinnen und Politiker der Gr\u00fcnen\u00bb, sagte er dem \u00abRedaktionsNetzwerk Deutschland\u00bb (Freitag). Die Gr\u00fcnen kursierten als Feindbild und wichtigstes Hassobjekt in vielen rechtspopulistischen und rechtsradikalen Gruppen, aber auch in der Mitte. \u00abRechtsradikale gewaltbereite Gruppen und Menschen wissen das und nutzen es, wenn sie die Proteste aufsuchen und dann Aktionen durchf\u00fchren\u00bb, sagte Zick. Reizw\u00f6rter wie&#8230;<\/p>\n","protected":false},"author":7,"featured_media":0,"comment_status":"false","ping_status":"open","sticky":false,"template":"","format":"standard","meta":{"footnotes":""},"categories":[43],"tags":[44],"class_list":["post-26541","post","type-post","status-publish","format-standard","hentry","category-kirche-oldenburg","tag-kirche-oldenburg"],"_links":{"self":[{"href":"https:\/\/christusnews.de\/site\/wp-json\/wp\/v2\/posts\/26541","targetHints":{"allow":["GET"]}}],"collection":[{"href":"https:\/\/christusnews.de\/site\/wp-json\/wp\/v2\/posts"}],"about":[{"href":"https:\/\/christusnews.de\/site\/wp-json\/wp\/v2\/types\/post"}],"author":[{"embeddable":true,"href":"https:\/\/christusnews.de\/site\/wp-json\/wp\/v2\/users\/7"}],"replies":[{"embeddable":true,"href":"https:\/\/christusnews.de\/site\/wp-json\/wp\/v2\/comments?post=26541"}],"version-history":[{"count":1,"href":"https:\/\/christusnews.de\/site\/wp-json\/wp\/v2\/posts\/26541\/revisions"}],"predecessor-version":[{"id":26542,"href":"https:\/\/christusnews.de\/site\/wp-json\/wp\/v2\/posts\/26541\/revisions\/26542"}],"wp:attachment":[{"href":"https:\/\/christusnews.de\/site\/wp-json\/wp\/v2\/media?parent=26541"}],"wp:term":[{"taxonomy":"category","embeddable":true,"href":"https:\/\/christusnews.de\/site\/wp-json\/wp\/v2\/categories?post=26541"},{"taxonomy":"post_tag","embeddable":true,"href":"https:\/\/christusnews.de\/site\/wp-json\/wp\/v2\/tags?post=26541"}],"curies":[{"name":"wp","href":"https:\/\/api.w.org\/{rel}","templated":true}]}}