{"id":26545,"date":"2024-02-20T10:22:09","date_gmt":"2024-02-20T09:22:09","guid":{"rendered":"https:\/\/christusnews.de\/site\/?p=26545"},"modified":"2024-02-20T10:25:22","modified_gmt":"2024-02-20T09:25:22","slug":"der-fruehling-kommt","status":"publish","type":"post","link":"https:\/\/christusnews.de\/site\/der-fruehling-kommt\/","title":{"rendered":"Der Fr\u00fchling kommt"},"content":{"rendered":"\n<p><em>Es dauert noch genau einen Monat, dann ist es schon wieder soweit: am 20. M\u00e4rz ist offizieller Fr\u00fchlingsanfang.<\/em><\/p>\n\n\n\n<p><em>Wer es ganz genau wissen will: um 4.06 Uhr mitteleurop\u00e4ischer Zeit. Nun l\u00e4sst sich die Frage stellen: \u201eBin ich<\/em> <em>schon in Fr\u00fchlingsstimmung?\u201c \u2026 \u201eOder h\u00e4nge ich noch in einer tr\u00fcben Winterlaune fest?\u201c<\/em><\/p>\n\n\n\n<p><em>Helfen k\u00f6nnte da ein Werbeslogan, den ich k\u00fcrzlich las: \u201eMit uns ist immer Fr\u00fchling.\u201c Je mehr ich dar\u00fcber<\/em> <em>nachdenke, stelle ich fest, dass mir diese Aussage gef\u00e4llt. Sicherlich hilft es in vielen Situationen des Lebens,<\/em> <em>wenn ich mir eine innere \u201eFr\u00fchlings-Grundstimmung\u201c bewahre. Dann ist mir der Dauerregen egal, der an<\/em> <em>manchen Tagen scheinbar gar nicht aufh\u00f6ren will. Dann st\u00f6rt es mich auch nicht, wenn Wind und Sturm alles<\/em> <em>durcheinanderwirbeln. Selbst Glatteis und Schneematsch bringen mich dann nicht aus der Ruhe. An viel zu<\/em> <em>hei\u00dfen Sommertagen bleibe ich innerlich ganz \u201ecool\u201c.<\/em><\/p>\n\n\n\n<p><em>Der Fr\u00fchling kommt und wird wieder vieles ver\u00e4ndern: es wird heller, w\u00e4rmer und bunter \u2026 neues Leben<\/em> <em>entsteht. Darauf freue ich mich schon jetzt.<\/em><\/p>\n\n\n\n<p><\/p>\n\n\n\n<blockquote class=\"wp-block-quote is-layout-flow wp-block-quote-is-layout-flow\">\n<blockquote class=\"wp-block-quote is-layout-flow wp-block-quote-is-layout-flow\">\n<p id=\"block-e1fb04d9-c3be-42c8-a2c8-f0fda48bf077\"><strong>Eike Rosentreter, Gemeindevorsteher der Neuapostolischen Kirche Wilhelmshaven<\/strong><\/p>\n\n\n\n<p id=\"block-4856caf7-8571-49e2-9264-db73626b066a\">H<em>\u00f6ren Sie diesen Beitrag bei Radio Jade:<\/em><br><a href=\"http:\/\/www.radio-jade.de\/mediathek\/angedacht\/\" target=\"_blank\" rel=\"noreferrer noopener\"><em>Alle Beitr\u00e4ge im \u00dcberblick | RADIO JADE<\/em><\/a><\/p>\n<\/blockquote>\n<\/blockquote>\n","protected":false},"excerpt":{"rendered":"<p>Es dauert noch genau einen Monat, dann ist es schon wieder soweit: am 20. M\u00e4rz ist offizieller Fr\u00fchlingsanfang. Wer es ganz genau wissen will: um 4.06 Uhr mitteleurop\u00e4ischer Zeit. Nun l\u00e4sst sich die Frage stellen: \u201eBin ich schon in Fr\u00fchlingsstimmung?\u201c \u2026 \u201eOder h\u00e4nge ich noch in einer tr\u00fcben Winterlaune fest?\u201c Helfen k\u00f6nnte da ein Werbeslogan, den ich k\u00fcrzlich las: \u201eMit uns ist immer Fr\u00fchling.\u201c Je mehr ich dar\u00fcber nachdenke, stelle ich fest, dass mir diese Aussage gef\u00e4llt. Sicherlich hilft es in vielen Situationen des Lebens, wenn ich mir eine innere \u201eFr\u00fchlings-Grundstimmung\u201c bewahre. Dann ist mir der Dauerregen egal, der an&#8230;<\/p>\n","protected":false},"author":6,"featured_media":1171,"comment_status":"closed","ping_status":"open","sticky":false,"template":"","format":"standard","meta":{"footnotes":""},"categories":[5],"tags":[],"class_list":["post-26545","post","type-post","status-publish","format-standard","has-post-thumbnail","hentry","category-angedacht"],"_links":{"self":[{"href":"https:\/\/christusnews.de\/site\/wp-json\/wp\/v2\/posts\/26545","targetHints":{"allow":["GET"]}}],"collection":[{"href":"https:\/\/christusnews.de\/site\/wp-json\/wp\/v2\/posts"}],"about":[{"href":"https:\/\/christusnews.de\/site\/wp-json\/wp\/v2\/types\/post"}],"author":[{"embeddable":true,"href":"https:\/\/christusnews.de\/site\/wp-json\/wp\/v2\/users\/6"}],"replies":[{"embeddable":true,"href":"https:\/\/christusnews.de\/site\/wp-json\/wp\/v2\/comments?post=26545"}],"version-history":[{"count":2,"href":"https:\/\/christusnews.de\/site\/wp-json\/wp\/v2\/posts\/26545\/revisions"}],"predecessor-version":[{"id":26555,"href":"https:\/\/christusnews.de\/site\/wp-json\/wp\/v2\/posts\/26545\/revisions\/26555"}],"wp:featuredmedia":[{"embeddable":true,"href":"https:\/\/christusnews.de\/site\/wp-json\/wp\/v2\/media\/1171"}],"wp:attachment":[{"href":"https:\/\/christusnews.de\/site\/wp-json\/wp\/v2\/media?parent=26545"}],"wp:term":[{"taxonomy":"category","embeddable":true,"href":"https:\/\/christusnews.de\/site\/wp-json\/wp\/v2\/categories?post=26545"},{"taxonomy":"post_tag","embeddable":true,"href":"https:\/\/christusnews.de\/site\/wp-json\/wp\/v2\/tags?post=26545"}],"curies":[{"name":"wp","href":"https:\/\/api.w.org\/{rel}","templated":true}]}}