{"id":26547,"date":"2024-02-21T10:22:18","date_gmt":"2024-02-21T09:22:18","guid":{"rendered":"https:\/\/christusnews.de\/site\/?p=26547"},"modified":"2024-02-20T10:25:08","modified_gmt":"2024-02-20T09:25:08","slug":"mittendrin","status":"publish","type":"post","link":"https:\/\/christusnews.de\/site\/mittendrin\/","title":{"rendered":"Mittendrin"},"content":{"rendered":"\n<p><em>Am Mittwoch wird mir immer wieder bewusst, wie schnell eine Woche vergeht. Mittendrin in der Woche \u2026 und<\/em> <em>doch sind es noch einige Tage bis zum Wochenende. Nat\u00fcrlich ist es sehr stark davon abh\u00e4ngig, was mich in der<\/em> <em>zweiten Wochenh\u00e4lfte erwartet, aber alleine der Ausblick darauf, dass man schon in etwa die H\u00e4lfte der<\/em> <em>Arbeitswoche geschafft hat, l\u00e4sst mich in der Regel gut gelaunt nach vorne blicken.<\/em><\/p>\n\n\n\n<p><em>In unserem Alltag sind wir auch h\u00e4ufig \u201emittendrin\u201c in verschiedenen Lebenssituationen und f\u00fchlen uns doch<\/em> <em>so, als g\u00e4be es noch einen riesigen Berg zu erklimmen. Gut ist es dann, wenn man auf dem Weg zum Gipfel<\/em> <em>einen klaren Blick auf das Ziel hat. Wer dann noch auf diesem Weg von guten Menschen begleitet ist, kann sehr<\/em> <em>dankbar und gl\u00fccklich sein.<\/em><\/p>\n\n\n\n<p><em>In Psalm 121 kommt noch die sch\u00f6ne Gewissheit dazu, dass Gott uns zur Seite steht: \u201eIch hebe meine Augen auf<\/em> <em>zu den Bergen. Woher kommt mir Hilfe? Meine Hilfe kommt vom HERRN, der Himmel und Erde gemacht hat.\u201c<\/em><\/p>\n\n\n\n<p><em>\u2026 \u201emittendrin\u201c, aber nicht alleine. Was wollen wir mehr?<\/em><\/p>\n\n\n\n<p><\/p>\n\n\n\n<blockquote class=\"wp-block-quote is-layout-flow wp-block-quote-is-layout-flow\">\n<blockquote class=\"wp-block-quote is-layout-flow wp-block-quote-is-layout-flow\">\n<p id=\"block-e1fb04d9-c3be-42c8-a2c8-f0fda48bf077\"><strong>Eike Rosentreter, Gemeindevorsteher der Neuapostolischen Kirche Wilhelmshaven<\/strong><\/p>\n\n\n\n<p id=\"block-4856caf7-8571-49e2-9264-db73626b066a\">H<em>\u00f6ren Sie diesen Beitrag bei Radio Jade:<\/em><br><a href=\"http:\/\/www.radio-jade.de\/mediathek\/angedacht\/\" target=\"_blank\" rel=\"noreferrer noopener\"><em>Alle Beitr\u00e4ge im \u00dcberblick | RADIO JADE<\/em><\/a><\/p>\n<\/blockquote>\n<\/blockquote>\n","protected":false},"excerpt":{"rendered":"<p>Am Mittwoch wird mir immer wieder bewusst, wie schnell eine Woche vergeht. Mittendrin in der Woche \u2026 und doch sind es noch einige Tage bis zum Wochenende. Nat\u00fcrlich ist es sehr stark davon abh\u00e4ngig, was mich in der zweiten Wochenh\u00e4lfte erwartet, aber alleine der Ausblick darauf, dass man schon in etwa die H\u00e4lfte der Arbeitswoche geschafft hat, l\u00e4sst mich in der Regel gut gelaunt nach vorne blicken. In unserem Alltag sind wir auch h\u00e4ufig \u201emittendrin\u201c in verschiedenen Lebenssituationen und f\u00fchlen uns doch so, als g\u00e4be es noch einen riesigen Berg zu erklimmen. Gut ist es dann, wenn man auf dem&#8230;<\/p>\n","protected":false},"author":6,"featured_media":1171,"comment_status":"closed","ping_status":"open","sticky":false,"template":"","format":"standard","meta":{"footnotes":""},"categories":[5],"tags":[],"class_list":["post-26547","post","type-post","status-publish","format-standard","has-post-thumbnail","hentry","category-angedacht"],"_links":{"self":[{"href":"https:\/\/christusnews.de\/site\/wp-json\/wp\/v2\/posts\/26547","targetHints":{"allow":["GET"]}}],"collection":[{"href":"https:\/\/christusnews.de\/site\/wp-json\/wp\/v2\/posts"}],"about":[{"href":"https:\/\/christusnews.de\/site\/wp-json\/wp\/v2\/types\/post"}],"author":[{"embeddable":true,"href":"https:\/\/christusnews.de\/site\/wp-json\/wp\/v2\/users\/6"}],"replies":[{"embeddable":true,"href":"https:\/\/christusnews.de\/site\/wp-json\/wp\/v2\/comments?post=26547"}],"version-history":[{"count":2,"href":"https:\/\/christusnews.de\/site\/wp-json\/wp\/v2\/posts\/26547\/revisions"}],"predecessor-version":[{"id":26554,"href":"https:\/\/christusnews.de\/site\/wp-json\/wp\/v2\/posts\/26547\/revisions\/26554"}],"wp:featuredmedia":[{"embeddable":true,"href":"https:\/\/christusnews.de\/site\/wp-json\/wp\/v2\/media\/1171"}],"wp:attachment":[{"href":"https:\/\/christusnews.de\/site\/wp-json\/wp\/v2\/media?parent=26547"}],"wp:term":[{"taxonomy":"category","embeddable":true,"href":"https:\/\/christusnews.de\/site\/wp-json\/wp\/v2\/categories?post=26547"},{"taxonomy":"post_tag","embeddable":true,"href":"https:\/\/christusnews.de\/site\/wp-json\/wp\/v2\/tags?post=26547"}],"curies":[{"name":"wp","href":"https:\/\/api.w.org\/{rel}","templated":true}]}}