{"id":26549,"date":"2024-02-22T10:23:05","date_gmt":"2024-02-22T09:23:05","guid":{"rendered":"https:\/\/christusnews.de\/site\/?p=26549"},"modified":"2024-02-20T10:24:57","modified_gmt":"2024-02-20T09:24:57","slug":"klare-position","status":"publish","type":"post","link":"https:\/\/christusnews.de\/site\/klare-position\/","title":{"rendered":"Klare Position"},"content":{"rendered":"\n<p><em>Vor ein paar Jahren beobachtete ich drei Kinder im Kindergartenalter. Sie unterhielten sich dar\u00fcber, welcher<\/em> <em>Superheld der Gr\u00f6\u00dfte sei. Verschiedene Namen von bekannten Comic- und Fantasy-Figuren fielen, bis eines der<\/em> <em>Kinder sagte: \u201eAber der St\u00e4rkste und Gr\u00f6\u00dfte ist Gott, der hat n\u00e4mlich die ganze Welt geschaffen und kann<\/em> <em>alles!\u201c \u2026 eine deutlich sp\u00fcrbare Pause zeigte die Verwunderung der beiden anderen Kinder, die mit dieser<\/em> <em>Aussage wenig anfangen konnten. Offensichtlich hatte die sehr \u00fcberzeugte Aussage aber Eindruck hinterlassen,<\/em> <em>weshalb die beiden Kinder gar nicht viele Fragen stellten, dies auch nicht in Abrede stellten, sondern die<\/em> <em>definierte Rangordnung der Superhelden akzeptierten. Wenn Gott wirklich die Welt erschaffen hat und alles<\/em> <em>kann, gab es keinen Zweifel daran, dass er der Gr\u00f6\u00dfte ist. Superman &amp; Co. belegten also die Pl\u00e4tze 2 und<\/em> <em>nachfolgend.<\/em><\/p>\n\n\n\n<p><em>Die Kinder spielten weiter \u2026 und ich stellte mir die Frage, ob ich unter Erwachsenen auch den Mut<\/em> <em>gehabt h\u00e4tte, so eine klare Position zu beziehen. Wie sch\u00f6n, dass uns Kinder so oft ein Vorbild sind.<\/em><\/p>\n\n\n\n<p><\/p>\n\n\n\n<blockquote class=\"wp-block-quote is-layout-flow wp-block-quote-is-layout-flow\">\n<blockquote class=\"wp-block-quote is-layout-flow wp-block-quote-is-layout-flow\">\n<p id=\"block-e1fb04d9-c3be-42c8-a2c8-f0fda48bf077\"><strong>Eike Rosentreter, Gemeindevorsteher der Neuapostolischen Kirche Wilhelmshaven<\/strong><\/p>\n\n\n\n<p id=\"block-4856caf7-8571-49e2-9264-db73626b066a\">H<em>\u00f6ren Sie diesen Beitrag bei Radio Jade:<\/em><br><a href=\"http:\/\/www.radio-jade.de\/mediathek\/angedacht\/\" target=\"_blank\" rel=\"noreferrer noopener\"><em>Alle Beitr\u00e4ge im \u00dcberblick | RADIO JADE<\/em><\/a><\/p>\n<\/blockquote>\n<\/blockquote>\n","protected":false},"excerpt":{"rendered":"<p>Vor ein paar Jahren beobachtete ich drei Kinder im Kindergartenalter. Sie unterhielten sich dar\u00fcber, welcher Superheld der Gr\u00f6\u00dfte sei. Verschiedene Namen von bekannten Comic- und Fantasy-Figuren fielen, bis eines der Kinder sagte: \u201eAber der St\u00e4rkste und Gr\u00f6\u00dfte ist Gott, der hat n\u00e4mlich die ganze Welt geschaffen und kann alles!\u201c \u2026 eine deutlich sp\u00fcrbare Pause zeigte die Verwunderung der beiden anderen Kinder, die mit dieser Aussage wenig anfangen konnten. Offensichtlich hatte die sehr \u00fcberzeugte Aussage aber Eindruck hinterlassen, weshalb die beiden Kinder gar nicht viele Fragen stellten, dies auch nicht in Abrede stellten, sondern die definierte Rangordnung der Superhelden akzeptierten. Wenn&#8230;<\/p>\n","protected":false},"author":6,"featured_media":1171,"comment_status":"closed","ping_status":"open","sticky":false,"template":"","format":"standard","meta":{"footnotes":""},"categories":[5],"tags":[],"class_list":["post-26549","post","type-post","status-publish","format-standard","has-post-thumbnail","hentry","category-angedacht"],"_links":{"self":[{"href":"https:\/\/christusnews.de\/site\/wp-json\/wp\/v2\/posts\/26549","targetHints":{"allow":["GET"]}}],"collection":[{"href":"https:\/\/christusnews.de\/site\/wp-json\/wp\/v2\/posts"}],"about":[{"href":"https:\/\/christusnews.de\/site\/wp-json\/wp\/v2\/types\/post"}],"author":[{"embeddable":true,"href":"https:\/\/christusnews.de\/site\/wp-json\/wp\/v2\/users\/6"}],"replies":[{"embeddable":true,"href":"https:\/\/christusnews.de\/site\/wp-json\/wp\/v2\/comments?post=26549"}],"version-history":[{"count":2,"href":"https:\/\/christusnews.de\/site\/wp-json\/wp\/v2\/posts\/26549\/revisions"}],"predecessor-version":[{"id":26553,"href":"https:\/\/christusnews.de\/site\/wp-json\/wp\/v2\/posts\/26549\/revisions\/26553"}],"wp:featuredmedia":[{"embeddable":true,"href":"https:\/\/christusnews.de\/site\/wp-json\/wp\/v2\/media\/1171"}],"wp:attachment":[{"href":"https:\/\/christusnews.de\/site\/wp-json\/wp\/v2\/media?parent=26549"}],"wp:term":[{"taxonomy":"category","embeddable":true,"href":"https:\/\/christusnews.de\/site\/wp-json\/wp\/v2\/categories?post=26549"},{"taxonomy":"post_tag","embeddable":true,"href":"https:\/\/christusnews.de\/site\/wp-json\/wp\/v2\/tags?post=26549"}],"curies":[{"name":"wp","href":"https:\/\/api.w.org\/{rel}","templated":true}]}}