{"id":26557,"date":"2024-02-19T14:21:00","date_gmt":"2024-02-19T13:21:00","guid":{"rendered":"https:\/\/christusnews.de\/site\/paritaetischer-soziale-gerechtigkeit-fuer-friedliches-zusammenleben\/"},"modified":"2024-02-20T22:17:35","modified_gmt":"2024-02-20T21:17:35","slug":"paritaetischer-soziale-gerechtigkeit-fuer-friedliches-zusammenleben","status":"publish","type":"post","link":"https:\/\/christusnews.de\/site\/paritaetischer-soziale-gerechtigkeit-fuer-friedliches-zusammenleben\/","title":{"rendered":"Parit\u00e4tischer: Soziale Gerechtigkeit f\u00fcr friedliches Zusammenleben"},"content":{"rendered":"<p class=\"MsoPlainText\">Hannover (epd). Die Vorsitzende des Parit\u00e4tischen Wohlfahrtsverbands Niedersachsen, Kerstin Tack, hat anl\u00e4sslich des Welttags der sozialen Gerechtigkeit (20. Februar) auf die Bedeutung sozialer Gerechtigkeit f\u00fcr ein friedliches Zusammenleben in der Gesellschaft hingewiesen. Internationale Solidarit\u00e4t sollte selbstverst\u00e4ndlich sein, \u00abdenn wir sind eine einzige menschliche Gesellschaft\u00bb, sagte Tack am Montag in Hannover.<\/p>\n<p class=\"MsoPlainText\">&nbsp;<\/p>\n<p class=\"MsoPlainText\">Diese Verpflichtung werde besonders deutlich angesichts zahlreicher internationaler Krisen wie Krieg, Flucht und den dr\u00e4ngenden Herausforderungen des Klimawandels. Gleichzeitig solle der Welttag der sozialen Gerechtigkeit auch dazu anregen, das allt\u00e4gliche Miteinander der Menschen in Niedersachsen zu betrachten. Auch hier seien Ausgrenzung und Diskriminierung gegenw\u00e4rtig, sagte Tack. \u00abAuch in Niedersachsen kann die gesellschaftliche Teilhabe von Menschen mit Beeintr\u00e4chtigungen und derer, die von Armut betroffen sind, noch deutlich verbessert werden.\u00bb<\/p>\n<p>Kirche-Oldenburg<br \/>\n<a href=\"https:\/\/www.kirche-oldenburg.de\/\/aktuell\/news-niedersachsen\/artikel\/paritaetischer-soziale-gerechtigkeit-fuer-friedliches-zusammenleben\" target=\"_blank\" rel=\"noopener\">Parit\u00e4tischer: Soziale Gerechtigkeit f\u00fcr friedliches Zusammenleben<\/a><\/p>\n","protected":false},"excerpt":{"rendered":"<p>Hannover (epd). Die Vorsitzende des Parit\u00e4tischen Wohlfahrtsverbands Niedersachsen, Kerstin Tack, hat anl\u00e4sslich des Welttags der sozialen Gerechtigkeit (20. Februar) auf die Bedeutung sozialer Gerechtigkeit f\u00fcr ein friedliches Zusammenleben in der Gesellschaft hingewiesen. Internationale Solidarit\u00e4t sollte selbstverst\u00e4ndlich sein, \u00abdenn wir sind eine einzige menschliche Gesellschaft\u00bb, sagte Tack am Montag in Hannover. &nbsp; Diese Verpflichtung werde besonders deutlich angesichts zahlreicher internationaler Krisen wie Krieg, Flucht und den dr\u00e4ngenden Herausforderungen des Klimawandels. Gleichzeitig solle der Welttag der sozialen Gerechtigkeit auch dazu anregen, das allt\u00e4gliche Miteinander der Menschen in Niedersachsen zu betrachten. Auch hier seien Ausgrenzung und Diskriminierung gegenw\u00e4rtig, sagte Tack. \u00abAuch in Niedersachsen&#8230;<\/p>\n","protected":false},"author":7,"featured_media":0,"comment_status":"false","ping_status":"open","sticky":false,"template":"","format":"standard","meta":{"footnotes":""},"categories":[43],"tags":[44],"class_list":["post-26557","post","type-post","status-publish","format-standard","hentry","category-kirche-oldenburg","tag-kirche-oldenburg"],"_links":{"self":[{"href":"https:\/\/christusnews.de\/site\/wp-json\/wp\/v2\/posts\/26557","targetHints":{"allow":["GET"]}}],"collection":[{"href":"https:\/\/christusnews.de\/site\/wp-json\/wp\/v2\/posts"}],"about":[{"href":"https:\/\/christusnews.de\/site\/wp-json\/wp\/v2\/types\/post"}],"author":[{"embeddable":true,"href":"https:\/\/christusnews.de\/site\/wp-json\/wp\/v2\/users\/7"}],"replies":[{"embeddable":true,"href":"https:\/\/christusnews.de\/site\/wp-json\/wp\/v2\/comments?post=26557"}],"version-history":[{"count":1,"href":"https:\/\/christusnews.de\/site\/wp-json\/wp\/v2\/posts\/26557\/revisions"}],"predecessor-version":[{"id":26558,"href":"https:\/\/christusnews.de\/site\/wp-json\/wp\/v2\/posts\/26557\/revisions\/26558"}],"wp:attachment":[{"href":"https:\/\/christusnews.de\/site\/wp-json\/wp\/v2\/media?parent=26557"}],"wp:term":[{"taxonomy":"category","embeddable":true,"href":"https:\/\/christusnews.de\/site\/wp-json\/wp\/v2\/categories?post=26557"},{"taxonomy":"post_tag","embeddable":true,"href":"https:\/\/christusnews.de\/site\/wp-json\/wp\/v2\/tags?post=26557"}],"curies":[{"name":"wp","href":"https:\/\/api.w.org\/{rel}","templated":true}]}}