{"id":26564,"date":"2024-02-21T16:43:26","date_gmt":"2024-02-21T15:43:26","guid":{"rendered":"https:\/\/christusnews.de\/site\/?p=26564"},"modified":"2024-02-21T16:43:26","modified_gmt":"2024-02-21T15:43:26","slug":"abendklang-mit-finn-hark-holger-trempeck-wilken","status":"publish","type":"post","link":"https:\/\/christusnews.de\/site\/abendklang-mit-finn-hark-holger-trempeck-wilken\/","title":{"rendered":"Abendklang mit Finn Hark &amp; Holger Trempeck-Wilken"},"content":{"rendered":"\n<p><strong>Abendklang mit Finn Hark &amp; Holger Trempeck-Wilken<\/strong><\/p>\n\n\n\n<p>Am 25. Februar um 18 Uhr findet in der Christus- und Garnisonkirche der n\u00e4chste Abendklang statt. Holger Trempeck-Wilken spielt im Rahmen des Abendklangs ein kleines Doppelkonzert mit Finn Hark. Hark ist seit 10 Jahren ein Sch\u00fcler von Trempeck-Wilken. Filmmusiken, neue Klassiker und alte Sch\u00e4tze werden im Mittelpunkt stehen. Ein Konzert zum Tr\u00e4umen und Dahinfliegen.<em> <\/em><em>Holger Trempeck-Wilken<\/em> ist freischaffender Musiker und freiberuflicher Klavierlehrer. Seine Schwerpunkte sind&nbsp; zeitgen\u00f6ssische Musik und Improvisation. Er ist eines der musikalischen Gesichter der Havenkirche. <em>Der Eintritt zum Abendklang ist frei. Um eine Kollekte wird gebeten.<\/em><\/p>\n","protected":false},"excerpt":{"rendered":"<p>Abendklang mit Finn Hark &amp; Holger Trempeck-Wilken Am 25. Februar um 18 Uhr findet in der Christus- und Garnisonkirche der n\u00e4chste Abendklang statt. Holger Trempeck-Wilken spielt im Rahmen des Abendklangs ein kleines Doppelkonzert mit Finn Hark. Hark ist seit 10 Jahren ein Sch\u00fcler von Trempeck-Wilken. Filmmusiken, neue Klassiker und alte Sch\u00e4tze werden im Mittelpunkt stehen. Ein Konzert zum Tr\u00e4umen und Dahinfliegen. Holger Trempeck-Wilken ist freischaffender Musiker und freiberuflicher Klavierlehrer. Seine Schwerpunkte sind&nbsp; zeitgen\u00f6ssische Musik und Improvisation. Er ist eines der musikalischen Gesichter der Havenkirche. Der Eintritt zum Abendklang ist frei. Um eine Kollekte wird gebeten.<\/p>\n","protected":false},"author":2,"featured_media":26327,"comment_status":"closed","ping_status":"open","sticky":false,"template":"","format":"standard","meta":{"footnotes":""},"categories":[1],"tags":[],"class_list":["post-26564","post","type-post","status-publish","format-standard","has-post-thumbnail","hentry","category-gemeinde"],"_links":{"self":[{"href":"https:\/\/christusnews.de\/site\/wp-json\/wp\/v2\/posts\/26564","targetHints":{"allow":["GET"]}}],"collection":[{"href":"https:\/\/christusnews.de\/site\/wp-json\/wp\/v2\/posts"}],"about":[{"href":"https:\/\/christusnews.de\/site\/wp-json\/wp\/v2\/types\/post"}],"author":[{"embeddable":true,"href":"https:\/\/christusnews.de\/site\/wp-json\/wp\/v2\/users\/2"}],"replies":[{"embeddable":true,"href":"https:\/\/christusnews.de\/site\/wp-json\/wp\/v2\/comments?post=26564"}],"version-history":[{"count":1,"href":"https:\/\/christusnews.de\/site\/wp-json\/wp\/v2\/posts\/26564\/revisions"}],"predecessor-version":[{"id":26565,"href":"https:\/\/christusnews.de\/site\/wp-json\/wp\/v2\/posts\/26564\/revisions\/26565"}],"wp:featuredmedia":[{"embeddable":true,"href":"https:\/\/christusnews.de\/site\/wp-json\/wp\/v2\/media\/26327"}],"wp:attachment":[{"href":"https:\/\/christusnews.de\/site\/wp-json\/wp\/v2\/media?parent=26564"}],"wp:term":[{"taxonomy":"category","embeddable":true,"href":"https:\/\/christusnews.de\/site\/wp-json\/wp\/v2\/categories?post=26564"},{"taxonomy":"post_tag","embeddable":true,"href":"https:\/\/christusnews.de\/site\/wp-json\/wp\/v2\/tags?post=26564"}],"curies":[{"name":"wp","href":"https:\/\/api.w.org\/{rel}","templated":true}]}}