{"id":26570,"date":"2024-02-21T10:37:00","date_gmt":"2024-02-21T09:37:00","guid":{"rendered":"https:\/\/christusnews.de\/site\/landesfrauenpastorin-weltgebetstag-muss-mit-spannungen-leben\/"},"modified":"2024-02-22T22:17:31","modified_gmt":"2024-02-22T21:17:31","slug":"landesfrauenpastorin-weltgebetstag-muss-mit-spannungen-leben","status":"publish","type":"post","link":"https:\/\/christusnews.de\/site\/landesfrauenpastorin-weltgebetstag-muss-mit-spannungen-leben\/","title":{"rendered":"Landesfrauenpastorin: Weltgebetstag muss mit Spannungen leben"},"content":{"rendered":"<p class=\"MsoPlainText\">Hannover (epd). Die hannoversche Landesfrauenpastorin Susanne Paul hat den diesj\u00e4hrigen Pal\u00e4stina-Schwerpunkt des Weltgebetstages am 1. M\u00e4rz verteidigt. Das Deutsche Weltgebetstagskomitee habe die von pal\u00e4stinensischen Christinnen erarbeiteten Gebetstexte derart \u00fcberarbeitet, dass sie nicht mehr ohne Weiteres antisemitisch oder antiisraelisch interpretierbar seien, sagte Paul im Gespr\u00e4ch mit dem Evangelischen Pressedienst (epd). In seiner jetzigen Fassung schlie\u00dfe das Material zudem alle Menschen in der Region ein. \u00abF\u00fcr die Frauen in Pal\u00e4stina zu beten, schlie\u00dft nicht aus, zugleich f\u00fcr die Menschen in Israel zu beten, etwa f\u00fcr jene, die immer noch in tiefer Sorge um Angeh\u00f6rige leben m\u00fcssen, die als Geiseln in der Gewalt der Hamas sind\u00bb, betonte Paul.<\/p>\n<p class=\"MsoPlainText\">&nbsp;<\/p>\n<p class=\"MsoPlainText\">Zugleich machte die Landespastorin f\u00fcr Frauenarbeit deutlich, dass der jetzt durch die Bearbeitung der Weltgebetstags-Materialien gefundene Kompromiss nicht alle Misshelligheiten beseitigt habe:&nbsp;\u00abDaf\u00fcr m\u00fcssen wir jetzt mit den Vorw\u00fcrfen der Frauen aus Pal\u00e4stina leben, die diese Texte geschrieben haben und die Anpassungen des Komitees als schwerwiegenden Eingriff, als Zensur empfinden.\u00bb Dem sei aber entgegenzuhalten, dass angesichts der historischen Verantwortung vor Israel in Deutschland keine \u00c4u\u00dferungen unkommentiert bleiben d\u00fcrften, die sich auch nur ansatzweise antisemitisch deuten lie\u00dfen.&nbsp;\u00abDaraus resultiert ein Konflikt, der sich nicht wirklich aufl\u00f6sen l\u00e4sst. Mit dieser Spannung m\u00fcssen wir leben\u00bb, sagte Paul.<\/p>\n<p class=\"MsoPlainText\">&nbsp;<\/p>\n<p class=\"MsoPlainText\">Sie unterstrich, dass ein politisches Format wie der Weltgebetstag den Mut haben m\u00fcsse, \u00absich zwischen die St\u00fchle zu setzen\u00bb, um zu zeigen, dass es in vielen Konflikten nicht einfach nur um Schwarz-Wei\u00df gehe. Der Reflex, sich in konflikthaften Situationen schnellstm\u00f6glich auf eine Seite schlagen zu wollen, sei nicht zielf\u00fchrend. In der Auseinandersetzung mit dem diesj\u00e4hrigen Themenschwerpunkt habe sie gesp\u00fcrt, dass es f\u00fcr das Anliegen des Weltgebetstages wichtiger sei, \u00absensibel hinzuh\u00f6ren und den unterschiedlichen Stimmen Raum zu geben\u00bb als vorschnell zu urteilen.<\/p>\n<p class=\"MsoPlainText\">&nbsp;<\/p>\n<p class=\"MsoPlainText\">In mehr als 120 L\u00e4ndern organisieren und gestalten Frauen jedes Jahr den Weltgebetstag am ersten Freitag im M\u00e4rz. Die vor fast 140 Jahren in den USA entstandene Glaubensinitiative gilt heute als gr\u00f6\u00dfte Basisbewegung von Christinnen. Jedes Jahr wird dabei die Lebenssituation von Frauen eines bestimmten Landes oder einer Region ins Zentrum gestellt. 2023 war das Thema Taiwan, in diesem Jahr ist es Pal\u00e4stina und im kommenden Jahr sind es die Cook-Inseln.<\/p>\n<p>Kirche-Oldenburg<br \/>\n<a href=\"https:\/\/www.kirche-oldenburg.de\/\/aktuell\/news-niedersachsen\/artikel\/landesfrauenpastorin-weltgebetstag-muss-mit-spannungen-leben\" target=\"_blank\" rel=\"noopener\">Landesfrauenpastorin: Weltgebetstag muss mit Spannungen leben<\/a><\/p>\n","protected":false},"excerpt":{"rendered":"<p>Hannover (epd). Die hannoversche Landesfrauenpastorin Susanne Paul hat den diesj\u00e4hrigen Pal\u00e4stina-Schwerpunkt des Weltgebetstages am 1. M\u00e4rz verteidigt. Das Deutsche Weltgebetstagskomitee habe die von pal\u00e4stinensischen Christinnen erarbeiteten Gebetstexte derart \u00fcberarbeitet, dass sie nicht mehr ohne Weiteres antisemitisch oder antiisraelisch interpretierbar seien, sagte Paul im Gespr\u00e4ch mit dem Evangelischen Pressedienst (epd). In seiner jetzigen Fassung schlie\u00dfe das Material zudem alle Menschen in der Region ein. \u00abF\u00fcr die Frauen in Pal\u00e4stina zu beten, schlie\u00dft nicht aus, zugleich f\u00fcr die Menschen in Israel zu beten, etwa f\u00fcr jene, die immer noch in tiefer Sorge um Angeh\u00f6rige leben m\u00fcssen, die als Geiseln in der Gewalt&#8230;<\/p>\n","protected":false},"author":7,"featured_media":0,"comment_status":"false","ping_status":"open","sticky":false,"template":"","format":"standard","meta":{"footnotes":""},"categories":[43],"tags":[44],"class_list":["post-26570","post","type-post","status-publish","format-standard","hentry","category-kirche-oldenburg","tag-kirche-oldenburg"],"_links":{"self":[{"href":"https:\/\/christusnews.de\/site\/wp-json\/wp\/v2\/posts\/26570","targetHints":{"allow":["GET"]}}],"collection":[{"href":"https:\/\/christusnews.de\/site\/wp-json\/wp\/v2\/posts"}],"about":[{"href":"https:\/\/christusnews.de\/site\/wp-json\/wp\/v2\/types\/post"}],"author":[{"embeddable":true,"href":"https:\/\/christusnews.de\/site\/wp-json\/wp\/v2\/users\/7"}],"replies":[{"embeddable":true,"href":"https:\/\/christusnews.de\/site\/wp-json\/wp\/v2\/comments?post=26570"}],"version-history":[{"count":1,"href":"https:\/\/christusnews.de\/site\/wp-json\/wp\/v2\/posts\/26570\/revisions"}],"predecessor-version":[{"id":26571,"href":"https:\/\/christusnews.de\/site\/wp-json\/wp\/v2\/posts\/26570\/revisions\/26571"}],"wp:attachment":[{"href":"https:\/\/christusnews.de\/site\/wp-json\/wp\/v2\/media?parent=26570"}],"wp:term":[{"taxonomy":"category","embeddable":true,"href":"https:\/\/christusnews.de\/site\/wp-json\/wp\/v2\/categories?post=26570"},{"taxonomy":"post_tag","embeddable":true,"href":"https:\/\/christusnews.de\/site\/wp-json\/wp\/v2\/tags?post=26570"}],"curies":[{"name":"wp","href":"https:\/\/api.w.org\/{rel}","templated":true}]}}