{"id":26574,"date":"2024-02-20T10:31:00","date_gmt":"2024-02-20T09:31:00","guid":{"rendered":"https:\/\/christusnews.de\/site\/bremische-kirche-diskutiert-verfassung-und-sexualisierte-gewalt\/"},"modified":"2024-02-22T22:17:32","modified_gmt":"2024-02-22T21:17:32","slug":"bremische-kirche-diskutiert-verfassung-und-sexualisierte-gewalt","status":"publish","type":"post","link":"https:\/\/christusnews.de\/site\/bremische-kirche-diskutiert-verfassung-und-sexualisierte-gewalt\/","title":{"rendered":"Bremische Kirche diskutiert Verfassung und sexualisierte Gewalt"},"content":{"rendered":"<p class=\"MsoPlainText\">Bremen (epd). Der Entwurf f\u00fcr eine neue Kirchenverfassung und die aktuelle Missbrauchsstudie zu sexualisierter Gewalt in der evangelischen Kirche stehen im Mittelpunkt einer Sondersitzung des Parlaments der Bremischen Evangelischen Kirche am 13. M\u00e4rz. Die rund 150 Delegierten des sogenannten Kirchentags treffen sich im St.-Pauli-Gemeindehaus in der Bremer Neustadt, wie eine Kirchensprecherin am Dienstag mitteilte.<\/p>\n<p class=\"MsoPlainText\">&nbsp;<\/p>\n<p class=\"MsoPlainText\">Dem Verfassungsentwurf geht eine jahrelange Debatte voraus. Im vergangenen Herbst wurde dem Kirchenparlament ein \u00fcberarbeiteter Entwurf vorgelegt, den die Synodalen mehrheitlich begr\u00fc\u00dften. Die Verfassung ist von zentraler Bedeutung f\u00fcr Struktur und Arbeit der Kirche. Am 13. M\u00e4rz soll nun die erste Lesung des daf\u00fcr erforderlichen Kirchengesetzes erfolgen. Die endg\u00fcltige Verabschiedung, zu der eine Dreiviertel-Mehrheit der Kirchentags-Delegierten n\u00f6tig ist, k\u00f6nnte dann im Mai angesetzt werden.<\/p>\n<p class=\"MsoPlainText\">&nbsp;<\/p>\n<p class=\"MsoPlainText\">Die sogenannte ForuM-Studie \u00fcber den sexuellen Missbrauch in der Kirche hat seit Ende Januar f\u00fcr bundesweite Schlagzeilen gesorgt. In der unabh\u00e4ngigen Studie ist von bundesweit mindestens 2.225 Betroffenen und 1.259 mutma\u00dflichen T\u00e4tern die Rede, darunter 511 Pastoren. Die bremische Kirche hatte acht verd\u00e4chtigte Personen gemeldet, darunter sechs Pastoren sowie ein Diakon und eine Mitarbeiterin in einem Heim.<\/p>\n<p>Kirche-Oldenburg<br \/>\n<a href=\"https:\/\/www.kirche-oldenburg.de\/\/aktuell\/news-niedersachsen\/artikel\/bremische-kirche-diskutiert-verfassung-und-sexualisierte-gewalt\" target=\"_blank\" rel=\"noopener\">Bremische Kirche diskutiert Verfassung und sexualisierte Gewalt<\/a><\/p>\n","protected":false},"excerpt":{"rendered":"<p>Bremen (epd). Der Entwurf f\u00fcr eine neue Kirchenverfassung und die aktuelle Missbrauchsstudie zu sexualisierter Gewalt in der evangelischen Kirche stehen im Mittelpunkt einer Sondersitzung des Parlaments der Bremischen Evangelischen Kirche am 13. M\u00e4rz. Die rund 150 Delegierten des sogenannten Kirchentags treffen sich im St.-Pauli-Gemeindehaus in der Bremer Neustadt, wie eine Kirchensprecherin am Dienstag mitteilte. &nbsp; Dem Verfassungsentwurf geht eine jahrelange Debatte voraus. Im vergangenen Herbst wurde dem Kirchenparlament ein \u00fcberarbeiteter Entwurf vorgelegt, den die Synodalen mehrheitlich begr\u00fc\u00dften. Die Verfassung ist von zentraler Bedeutung f\u00fcr Struktur und Arbeit der Kirche. Am 13. M\u00e4rz soll nun die erste Lesung des daf\u00fcr erforderlichen&#8230;<\/p>\n","protected":false},"author":7,"featured_media":0,"comment_status":"false","ping_status":"open","sticky":false,"template":"","format":"standard","meta":{"footnotes":""},"categories":[43],"tags":[44],"class_list":["post-26574","post","type-post","status-publish","format-standard","hentry","category-kirche-oldenburg","tag-kirche-oldenburg"],"_links":{"self":[{"href":"https:\/\/christusnews.de\/site\/wp-json\/wp\/v2\/posts\/26574","targetHints":{"allow":["GET"]}}],"collection":[{"href":"https:\/\/christusnews.de\/site\/wp-json\/wp\/v2\/posts"}],"about":[{"href":"https:\/\/christusnews.de\/site\/wp-json\/wp\/v2\/types\/post"}],"author":[{"embeddable":true,"href":"https:\/\/christusnews.de\/site\/wp-json\/wp\/v2\/users\/7"}],"replies":[{"embeddable":true,"href":"https:\/\/christusnews.de\/site\/wp-json\/wp\/v2\/comments?post=26574"}],"version-history":[{"count":1,"href":"https:\/\/christusnews.de\/site\/wp-json\/wp\/v2\/posts\/26574\/revisions"}],"predecessor-version":[{"id":26575,"href":"https:\/\/christusnews.de\/site\/wp-json\/wp\/v2\/posts\/26574\/revisions\/26575"}],"wp:attachment":[{"href":"https:\/\/christusnews.de\/site\/wp-json\/wp\/v2\/media?parent=26574"}],"wp:term":[{"taxonomy":"category","embeddable":true,"href":"https:\/\/christusnews.de\/site\/wp-json\/wp\/v2\/categories?post=26574"},{"taxonomy":"post_tag","embeddable":true,"href":"https:\/\/christusnews.de\/site\/wp-json\/wp\/v2\/tags?post=26574"}],"curies":[{"name":"wp","href":"https:\/\/api.w.org\/{rel}","templated":true}]}}