{"id":26578,"date":"2024-02-22T09:38:00","date_gmt":"2024-02-22T08:38:00","guid":{"rendered":"https:\/\/christusnews.de\/site\/bischof-karl-hinrich-manzke-geht-in-den-ruhestand-ministerpraesident-weil-und-ekd-chefin-fehrs-zu-gottesdienst-erwartet\/"},"modified":"2024-02-23T10:18:17","modified_gmt":"2024-02-23T09:18:17","slug":"bischof-karl-hinrich-manzke-geht-in-den-ruhestand-ministerpraesident-weil-und-ekd-chefin-fehrs-zu-gottesdienst-erwartet","status":"publish","type":"post","link":"https:\/\/christusnews.de\/site\/bischof-karl-hinrich-manzke-geht-in-den-ruhestand-ministerpraesident-weil-und-ekd-chefin-fehrs-zu-gottesdienst-erwartet\/","title":{"rendered":"Bischof Karl-Hinrich Manzke geht in den Ruhestand &#8211; Ministerpr\u00e4sident Weil und EKD-Chefin Fehrs zu Gottesdienst erwartet"},"content":{"rendered":"<p class=\"MsoPlainText\">B\u00fcckeburg (epd). Nach 14-j\u00e4hriger Amtszeit wird der evangelische Landesbischof Karl-Hinrich Manzke (66) aus B\u00fcckeburg an diesem Sonnabend (24. Februar) mit einem festlichen Gottesdienst in den Ruhestand verabschiedet. Der promovierte Theologe steht seit 2009 an der Spitze der Evangelisch-Lutherischen Landeskirche Schaumburg-Lippe an der Grenze von Niedersachsen zu Nordrhein-Westfalen, wie die Landeskirche mitteilte. Der Gottesdienst beginnt um 15 Uhr in der B\u00fcckeburger Stadtkirche.<\/p>\n<p class=\"MsoPlainText\">&nbsp;<\/p>\n<p class=\"MsoPlainText\">Der Leitende Bischof der Vereinigten Evangelisch-Lutherischen Kirche Deutschlands (VELKD), Ralf Meister aus Hannover, wird Manzke dabei offiziell von seinen Aufgaben entpflichten. Zu den weiteren G\u00e4sten aus Politik, Gesellschaft und Religion geh\u00f6ren unter anderem Niedersachsens Ministerpr\u00e4sident Stephan Weil (SPD) und die amtierende Ratsvorsitzende der Evangelischen Kirche in Deutschland (EKD), Bisch\u00f6fin Kirsten Fehrs aus Hamburg. Beide werden Gru\u00dfworte sprechen.<\/p>\n<p class=\"MsoPlainText\">&nbsp;<\/p>\n<p class=\"MsoPlainText\">Neben seinen Aufgaben vor Ort war Manzke auch auf Bundesebene&nbsp;t\u00e4tig: als Catholica-Beauftragter der VELKD und als Beauftragter des Rates der EKD f\u00fcr die Seelsorge an der Bundespolizei. Deswegen sind f\u00fcr den Gottesdienst auch Gru\u00dfworte aus dem Bundesinnenministerium und der katholischen Deutschen Bischofskonferenz angek\u00fcndigt.<\/p>\n<p class=\"MsoPlainText\">&nbsp;<\/p>\n<p class=\"MsoPlainText\">Der Bischof war am 13. Februar 66 Jahre alt geworden. Zu seinem Nachfolger wurde der bayrische Pfarrer Oliver Schuegraf (54) gew\u00e4hlt, der bislang als Oberkirchenrat f\u00fcr das Nationalkomitee des Lutherischen Weltbundes in Hannover t\u00e4tig ist. Schuegraf wird am 25. Mai um 14 Uhr mit einem Festgottesdienst in der Stadtkirche in sein neues Amt eingef\u00fchrt.<\/p>\n<p class=\"MsoPlainText\">&nbsp;<\/p>\n<p class=\"MsoPlainText\">Manzke wuchs als Sohn eines leitenden Theologen in Celle auf und studierte Theologie und Philosophie in T\u00fcbingen, London und M\u00fcnchen. Nach seinem Examen promovierte er in M\u00fcnchen bei Professor Wolfhart Pannenberg \u00fcber das Thema \u00abEwigkeit und Zeitlichkeit. Aspekte f\u00fcr eine theologische Deutung der Zeit\u00bb.<\/p>\n<p class=\"MsoPlainText\">&nbsp;<\/p>\n<p class=\"MsoPlainText\">2009 wurde er als Nachfolger von J\u00fcrgen Johannesdotter zum Landesbischof in B\u00fcckeburg gew\u00e4hlt. Zuvor war er elf Jahre Superintendent in Aurich, sieben Jahre Pastor in Soltau und drei Jahre Studiendirektor im Predigerseminar Imbshausen der hannoverschen Landeskirche bei Northeim. Der Landesbischof ist verheiratet und hat zwei erwachsene Kinder.<\/p>\n<p class=\"MsoPlainText\">&nbsp;<\/p>\n<p class=\"MsoPlainText\">Zur schaumburg-lippischen Landeskirche geh\u00f6ren 22 Gemeinden mit rund 44.000 Mitgliedern. Sie ging aus einem fr\u00fcheren F\u00fcrstentum hervor. Unter den 20 Landeskirchen in der Evangelischen Kirche in Deutschland (EKD) geh\u00f6rt Schaumburg-Lippe zu den kleinsten.<\/p>\n<p>Kirche-Oldenburg<br \/>\n<a href=\"https:\/\/www.kirche-oldenburg.de\/\/aktuell\/news-niedersachsen\/artikel\/bischof-karl-hinrich-manzke-geht-in-den-ruhestand-ministerpraesident-weil-und-ekd-chefin-fehrs-zu-gottesdienst-erwartet\" target=\"_blank\" rel=\"noopener\">Bischof Karl-Hinrich Manzke geht in den Ruhestand &#8211; Ministerpr\u00e4sident Weil und EKD-Chefin Fehrs zu Gottesdienst erwartet<\/a><\/p>\n","protected":false},"excerpt":{"rendered":"<p>B\u00fcckeburg (epd). Nach 14-j\u00e4hriger Amtszeit wird der evangelische Landesbischof Karl-Hinrich Manzke (66) aus B\u00fcckeburg an diesem Sonnabend (24. Februar) mit einem festlichen Gottesdienst in den Ruhestand verabschiedet. Der promovierte Theologe steht seit 2009 an der Spitze der Evangelisch-Lutherischen Landeskirche Schaumburg-Lippe an der Grenze von Niedersachsen zu Nordrhein-Westfalen, wie die Landeskirche mitteilte. Der Gottesdienst beginnt um 15 Uhr in der B\u00fcckeburger Stadtkirche. &nbsp; Der Leitende Bischof der Vereinigten Evangelisch-Lutherischen Kirche Deutschlands (VELKD), Ralf Meister aus Hannover, wird Manzke dabei offiziell von seinen Aufgaben entpflichten. Zu den weiteren G\u00e4sten aus Politik, Gesellschaft und Religion geh\u00f6ren unter anderem Niedersachsens Ministerpr\u00e4sident Stephan Weil (SPD)&#8230;<\/p>\n","protected":false},"author":7,"featured_media":0,"comment_status":"false","ping_status":"open","sticky":false,"template":"","format":"standard","meta":{"footnotes":""},"categories":[43],"tags":[44],"class_list":["post-26578","post","type-post","status-publish","format-standard","hentry","category-kirche-oldenburg","tag-kirche-oldenburg"],"_links":{"self":[{"href":"https:\/\/christusnews.de\/site\/wp-json\/wp\/v2\/posts\/26578","targetHints":{"allow":["GET"]}}],"collection":[{"href":"https:\/\/christusnews.de\/site\/wp-json\/wp\/v2\/posts"}],"about":[{"href":"https:\/\/christusnews.de\/site\/wp-json\/wp\/v2\/types\/post"}],"author":[{"embeddable":true,"href":"https:\/\/christusnews.de\/site\/wp-json\/wp\/v2\/users\/7"}],"replies":[{"embeddable":true,"href":"https:\/\/christusnews.de\/site\/wp-json\/wp\/v2\/comments?post=26578"}],"version-history":[{"count":1,"href":"https:\/\/christusnews.de\/site\/wp-json\/wp\/v2\/posts\/26578\/revisions"}],"predecessor-version":[{"id":26579,"href":"https:\/\/christusnews.de\/site\/wp-json\/wp\/v2\/posts\/26578\/revisions\/26579"}],"wp:attachment":[{"href":"https:\/\/christusnews.de\/site\/wp-json\/wp\/v2\/media?parent=26578"}],"wp:term":[{"taxonomy":"category","embeddable":true,"href":"https:\/\/christusnews.de\/site\/wp-json\/wp\/v2\/categories?post=26578"},{"taxonomy":"post_tag","embeddable":true,"href":"https:\/\/christusnews.de\/site\/wp-json\/wp\/v2\/tags?post=26578"}],"curies":[{"name":"wp","href":"https:\/\/api.w.org\/{rel}","templated":true}]}}