{"id":26582,"date":"2024-02-23T12:50:50","date_gmt":"2024-02-23T11:50:50","guid":{"rendered":"https:\/\/christusnews.de\/site\/bischof-adomeit-religionsunterricht-ist-bedeutsam-und-macht-sinn\/"},"modified":"2024-02-23T22:19:21","modified_gmt":"2024-02-23T21:19:21","slug":"bischof-adomeit-religionsunterricht-ist-bedeutsam-und-macht-sinn","status":"publish","type":"post","link":"https:\/\/christusnews.de\/site\/bischof-adomeit-religionsunterricht-ist-bedeutsam-und-macht-sinn\/","title":{"rendered":"Bischof Adomeit: Religionsunterricht ist bedeutsam und macht Sinn"},"content":{"rendered":"<p>25 Religionslehrkr\u00e4fte aus ganz Niedersachsen haben am Freitag, 23. Februar, in der Willehad-Kirche in Rastede\/Wahnbek bei Oldenburg ihre Vokationsurkunden erhalten. Im Gottesdienst wurden sie f\u00fcr ihren Dienst gesegnet und zur Erteilung des evangelischen Religionsunterrichts beauftragt. Der Gottesdienst wurde geleitet von Bischof Thomas Adomeit und Pfarrer Fritz Pinne, Leiter der Arbeitsstelle f\u00fcr Religionsp\u00e4dagogik (arp) der Ev.-Luth. Kirche in Oldenburg.<\/p>\n<p>In seiner Predigt betonte Bischof Thomas Adomeit, Religionsunterricht sei bedeutsam und mache Sinn, nicht nur im Blick auf seinen Beitrag zur Bildung. Im Fach Evangelische Religion w\u00fcrden Religionslehrkr\u00e4fte mit Kindern und Jugendlichen die Kernthemen des christlichen Glaubens erarbeiten, systematisch geplant, fachlich verantwortet und didaktisch reflektiert. \u201eWo, wenn nicht hier, k\u00f6nnen Sch\u00fclerinnen und Sch\u00fcler im Alltag in der Schule etwas erfahren \u00fcber den Sinn eines eigenen Glaubens und sich kritisch dazu in Beziehung setzen?\u201c, so Adomeit.&nbsp;<\/p>\n<p>Der Grundgedanke, Kinder und Jugendliche mit ihren Fragen und ihrer Neugier, ihrem Vorwissen, ihren Erfahrungen und bereits vielf\u00e4ltig erworbenen Kompetenzen wahrzunehmen, geh\u00f6rt laut Adomeit zum schulischen Ansatz. Die den Religionslehrkr\u00e4fte anvertrauten Sch\u00fclerinnen und Sch\u00fcler sollen stark und selbstbewusst sein.<\/p>\n<p>Wer eine eigene Position habe, sei stabil aufgestellt und k\u00f6nne sicherer sein, gest\u00e4rkt reden und \u201edann auch eine S\u00e4ule in unserer Gesellschaft und eine St\u00fctze f\u00fcr unser Miteinander sein, selbst Verantwortung \u00fcbernehmen\u201c, sagte der Bischof der Ev.-Luth. Kirche in Oldenburg. Wer seine eigene Haltung auch zu Glaubensfragen vertrete, verhindere nicht das Gespr\u00e4ch oder gar den religi\u00f6sen Dialog, sondern erm\u00f6gliche ihn erst.&nbsp;<\/p>\n<p>Der Religionsunterricht diene dem Leben, so Adomeit. \u201eEr nimmt Fragen auf, sucht nach Antworten, die sonst im Schulalltag so nicht wirklich vorkommen: Woher kommen wir? Wer sind wir? Was kommt nach dem Tod? Wie will ich mein Leben gestalten? Was ist wichtig, sinnvoll?\u201c Es seien nicht nur Antworten, die allein das Wissen vermehren. \u201eEs sind Antworten, die das Leben f\u00f6rdern, die das Leben begleiten. Allein schon das Suchen nach den Antworten er\u00f6ffnet das Gespr\u00e4ch \u00fcber das Leben.\u201c<\/p>\n<p>Bischof Adomeit betonte: \u201eAls Kirche m\u00f6chten wir Sie in Ihrem Dienst best\u00e4rken, Begleitung anbieten in Zweifeln und Fragen, auch im Suchen und Finden. Sie in der Frage nach Ihrer Motivation st\u00e4rken, nicht zuletzt durch den Segen, der Ihnen zugesprochen wird. Ja, Sie sind dir Richtigen. Denn sie helfen, gemeinsam mit Kindern und Jugendlichen aufmerksam zu werden f\u00fcr Gottes Wegmarken. Sie helfen, Gottes Zeichen lesen zu lernen und in die heutige Zeit hinein zu \u00fcbersetzen.\u201c<\/p>\n<p><strong>Vokation<\/strong><br \/>\nIm Anschluss an den Gottesdienst \u00fcberreichten Bischof Thomas Adomeit und Pfarrer Fritz Pinne den Lehrerinnen und Lehrern ihre Vokationsurkunden. Die Vokation ist Voraussetzung, um evangelischen Religionsunterricht an staatlichen Schulen zu erteilen. Diese Best\u00e4tigung wird von der Konf\u00f6deration evangelischer Kirche in Niedersachsen ausgesprochen. Mit der Vokation verpflichten sich die evangelischen Kirchen in Niedersachsen, den Dienst der Religionslehrkr\u00e4fte zu begleiten und unterst\u00fctzen diese kontinuierlich durch Fortbildungs- und Beratungsangebote.<\/p>\n<p><strong>Vokationstagung zum Thema \u201eZeit und Endlichkeit\u201c&nbsp;<\/strong><br \/>\nIm Vorfeld hatten die Religionslehrkr\u00e4fte aus dem Einzugsgebiet der Konf\u00f6deration evangelischer Kirchen in Niedersachsen an einer dreit\u00e4gigen Vokationstagung zum Thema \u201eZeit und Endlichkeit\u201c im Ev. Bildungshaus in Rastede teilgenommen. In zahlreichen Arbeitseinheiten wurden Grundinformationen und praktische Hilfestellungen f\u00fcr diese wichtige Thematik gegeben. Auch die Frage, wie mit Tod und Trauer in der Schule umgegangen werden k\u00f6nne, spielte eine wichtige Rolle. Neben den theoretischen Informationen lag ein besonderer Schwerpunkt auf kreativen Erarbeitungsm\u00f6glichkeiten. Auch der kollegiale Austausch \u201enebenbei\u201c kam nicht zu kurz. Die Tagung wurde von Pfarrer Fritz Pinne geleitet. Als Referentinnen waren dabei: Julia Villbrandt-Firneisen, Lehrkraft an den Berufsbildenden Schulen des Landkreises Wesermarsch f\u00fcr den Bereich Oberstufe und Berufsschule; Manuela Ehrt, Lehrkraft an der OBS Bookholzberg, f\u00fcr den Bereich Sekundarstufe 1; Vanessa Specht, Lehrkraft an der Grundschule Brinkum, f\u00fcr den Bereich Grundschule sowie Nina Kessler und Andr\u00e9 Medeke von der Medienstelle der oldenburgischen Kirche.<\/p>\n<p>Ein Abend wurde von dem Musiker Steffen Sch\u00f6ps musikalisch-kreativ mit einem Trommelworkshop gestaltet. Dabei wurden auch Lieder f\u00fcr den Gottesdienst ausgesucht und gesungen. An einem weiteren Abend war Bischof Thomas Adomeit in der Runde zu Gast und stellte sich den Fragen der jungen Lehrkr\u00e4fte. Dabei wurde kritisch \u00fcber die Stellung des Religionsunterrichts in der Schule diskutiert. Es wurde sehr deutlich, wie unterschiedlich die Situation in den einzelnen Schulen und Regionen ist. Auch der in Niedersachsen geplante Christliche Religionsunterricht (CRU) war ein wichtiges Thema und wurde als wichtiger Schritt in die richtige Richtung bewertet.<\/p>\n<p>Der Gottesdienst in der Willehad-Kirche in Rastede\/Wahnbek wurde dann von Musiker Steffen Sch\u00f6ps musikalisch begleitet und bot einen feierlichen Abschluss dieser intensiven Tage. Hier stand der Segen f\u00fcr die jungen Lehrkr\u00e4fte und ihre Arbeit in besonderer Weise im Mittelpunkt.&nbsp;<\/p>\n<p>Zu den 25 Religionslehrkr\u00e4ften aus ganz Niedersachsen geh\u00f6rten Lehrkr\u00e4fte aus allen Schulformen: F\u00f6rderschulen, Grundschulen, Oberschulen, Gymnasien und Berufsbildende Schulen.<\/p>\n<p><strong>\u201eGemeinsame Sache\u201c<\/strong><br \/>\nDer Religionsunterricht ist in Deutschland \u201egemeinsame Sache\u201c (res mixta) von Staat und Kirche und die Vokation ein Baustein, mit dem die evangelischen Kirchen in Niedersachsen ihre Verantwortung f\u00fcr den Religionsunterricht wahrnehmen. Referendarinnen und Referendare erhalten f\u00fcr den Vorbereitungsdienst zun\u00e4chst eine befristete Unterrichtsbest\u00e4tigung. Um eine Vokation zu erhalten, brauchen Lehrkr\u00e4fte ein zweites Staatsexamen, die Mitgliedschaft in einer Gliedkirche der Evangelischen Kirche in Deutschland (EKD) und sie m\u00fcssen eine Vokationstagung besuchen. Die Tagungen sind als religionsp\u00e4dagogische Fortbildungen konzipiert und enden mit einem Gottesdienst mit Verleihung der Vokationsurkunden.<\/p>\n<p>Die Ev.-Luth. Kirche in Oldenburg bietet zwei- bis dreimal im Jahr eine Vokationstagung f\u00fcr je rund 30 Religionskr\u00e4fte aus ganz Niedersachsen an. Entwickelt und durchgef\u00fchrt wird sie von Referentinnen und Referenten der Arbeitsstelle f\u00fcr Religionsp\u00e4dagogik (arp). Weitere Vokationstagungen in Niedersachsen werden von den anderen Kirchen der Konf\u00f6deration angeboten. Die Nachfrage ist sehr hoch. Es gibt stets Wartelisten.<br \/>\n&nbsp;<\/p>\n<p>Kirche-Oldenburg<br \/>\n<a href=\"https:\/\/www.kirche-oldenburg.de\/\/aktuell\/pressemitteilungen\/artikel\/bischof-adomeit-religionsunterricht-ist-bedeutsam-und-macht-sinn\" target=\"_blank\" rel=\"noopener\">Bischof Adomeit: Religionsunterricht ist bedeutsam und macht Sinn<\/a><\/p>\n","protected":false},"excerpt":{"rendered":"<p>25 Religionslehrkr\u00e4fte aus ganz Niedersachsen haben am Freitag, 23. Februar, in der Willehad-Kirche in Rastede\/Wahnbek bei Oldenburg ihre Vokationsurkunden erhalten. Im Gottesdienst wurden sie f\u00fcr ihren Dienst gesegnet und zur Erteilung des evangelischen Religionsunterrichts beauftragt. Der Gottesdienst wurde geleitet von Bischof Thomas Adomeit und Pfarrer Fritz Pinne, Leiter der Arbeitsstelle f\u00fcr Religionsp\u00e4dagogik (arp) der Ev.-Luth. Kirche in Oldenburg. In seiner Predigt betonte Bischof Thomas Adomeit, Religionsunterricht sei bedeutsam und mache Sinn, nicht nur im Blick auf seinen Beitrag zur Bildung. Im Fach Evangelische Religion w\u00fcrden Religionslehrkr\u00e4fte mit Kindern und Jugendlichen die Kernthemen des christlichen Glaubens erarbeiten, systematisch geplant, fachlich verantwortet&#8230;<\/p>\n","protected":false},"author":7,"featured_media":0,"comment_status":"false","ping_status":"open","sticky":false,"template":"","format":"standard","meta":{"footnotes":""},"categories":[43],"tags":[44],"class_list":["post-26582","post","type-post","status-publish","format-standard","hentry","category-kirche-oldenburg","tag-kirche-oldenburg"],"_links":{"self":[{"href":"https:\/\/christusnews.de\/site\/wp-json\/wp\/v2\/posts\/26582","targetHints":{"allow":["GET"]}}],"collection":[{"href":"https:\/\/christusnews.de\/site\/wp-json\/wp\/v2\/posts"}],"about":[{"href":"https:\/\/christusnews.de\/site\/wp-json\/wp\/v2\/types\/post"}],"author":[{"embeddable":true,"href":"https:\/\/christusnews.de\/site\/wp-json\/wp\/v2\/users\/7"}],"replies":[{"embeddable":true,"href":"https:\/\/christusnews.de\/site\/wp-json\/wp\/v2\/comments?post=26582"}],"version-history":[{"count":1,"href":"https:\/\/christusnews.de\/site\/wp-json\/wp\/v2\/posts\/26582\/revisions"}],"predecessor-version":[{"id":26583,"href":"https:\/\/christusnews.de\/site\/wp-json\/wp\/v2\/posts\/26582\/revisions\/26583"}],"wp:attachment":[{"href":"https:\/\/christusnews.de\/site\/wp-json\/wp\/v2\/media?parent=26582"}],"wp:term":[{"taxonomy":"category","embeddable":true,"href":"https:\/\/christusnews.de\/site\/wp-json\/wp\/v2\/categories?post=26582"},{"taxonomy":"post_tag","embeddable":true,"href":"https:\/\/christusnews.de\/site\/wp-json\/wp\/v2\/tags?post=26582"}],"curies":[{"name":"wp","href":"https:\/\/api.w.org\/{rel}","templated":true}]}}