{"id":26588,"date":"2024-02-25T12:35:00","date_gmt":"2024-02-25T11:35:00","guid":{"rendered":"https:\/\/christusnews.de\/site\/bischof-manzke-in-den-ruhestand-verabschiedet-ministerpraesident-weil-theologe-war-wichtiger-gespraechspartner\/"},"modified":"2024-02-26T22:17:20","modified_gmt":"2024-02-26T21:17:20","slug":"bischof-manzke-in-den-ruhestand-verabschiedet-ministerpraesident-weil-theologe-war-wichtiger-gespraechspartner","status":"publish","type":"post","link":"https:\/\/christusnews.de\/site\/bischof-manzke-in-den-ruhestand-verabschiedet-ministerpraesident-weil-theologe-war-wichtiger-gespraechspartner\/","title":{"rendered":"Bischof Manzke in den Ruhestand verabschiedet &#8211; Ministerpr\u00e4sident  Weil: Theologe war wichtiger Gespr\u00e4chspartner"},"content":{"rendered":"<p class=\"MsoPlainText\">B\u00fcckeburg (epd). Nach 14 Jahren im Amt ist der schaumburg-lippische Landesbischof Karl-Hinrich Manzke am Sonnabend in B\u00fcckeburg mit einem festlichen Gottesdienst in den Ruhestand verabschiedet worden. Der Leitende Bischof der Vereinigten Evangelisch-Lutherischen Kirche Deutschlands (VELKD), Ralf Meister aus Hannover, entpflichtete ihn offiziell von seinen Aufgaben. Er w\u00fcrdigte Manzke als klugen Repr\u00e4sentanten der Kirche, der die Treue zu den Menschen vor Ort mit Weite und Weltoffenheit verbunden habe.<\/p>\n<p class=\"MsoPlainText\">&nbsp;<\/p>\n<p class=\"MsoPlainText\">Der 66-j\u00e4hrige Manzke stand seit 2009 an der Spitze der Evangelisch-Lutherischen Landeskirche Schaumburg-Lippe an der Grenze von Niedersachsen zu Nordrhein-Westfalen. In seiner Abschiedspredigt dankte er den Menschen im Schaumburger Land f\u00fcr die jahrelange enge Zusammenarbeit. Zugleich hob er die Kraft des christlichen Glaubens&nbsp;hervor: \u00abWer glauben kann, ist in Verbindung mit einer Kraftquelle, die gr\u00f6\u00dfer ist, als es die eigenen Kr\u00e4fte und Begabungen hergeben.\u00bb Zu dem Gottesdienst waren mehrere Hundert G\u00e4ste aus Politik, Gesellschaft und Religion in die B\u00fcckeburger Stadtkirche gekommen.<\/p>\n<p class=\"MsoPlainText\">&nbsp;<\/p>\n<p class=\"MsoPlainText\">Niedersachsens Ministerpr\u00e4sident Stephan Weil (SPD) sagte in seinem Gru\u00dfwort, Manzke sei bei den Begegnungen zwischen Staat und Kirche in Niedersachsen stets ein wichtiger Gespr\u00e4chspartner gewesen. Er habe dazu beigetragen, dass Kirche und Politik im Land einen freundlichen und entspannten Umgang miteinander pflegten: \u00abIn Schaumburg-Lippe wird man noch lange sehr gern an diesen Bischof denken.\u00bb<\/p>\n<p class=\"MsoPlainText\">&nbsp;<\/p>\n<p class=\"MsoPlainText\">Der promovierte Theologe Manzke war neben seinen Aufgaben in Niedersachsen auch auf Bundesebene t\u00e4tig: als Catholica-Beauftragter der deutschen Lutheraner und als Beauftragter des Rates der Evangelischen Kirche in Deutschland (EKD) f\u00fcr die Seelsorge an der Bundespolizei. F\u00fcr die katholische Deutsche Bischofskonferenz sagte der Hildesheimer Bischof Heiner Wilmer, Manzke habe durch seine \u00abzugewandte, bedachte und ehrliche Art\u00bb dazu beitragen, die \u00d6kumene im besten Sinne Alltag werden zu lassen.<\/p>\n<p class=\"MsoPlainText\">&nbsp;<\/p>\n<p class=\"MsoPlainText\">Die amtierende Ratsvorsitzende der Evangelischen Kirche in Deutschland (EKD), Kirsten Fehrs aus Hamburg, w\u00fcrdigte Manzke als \u00abscharfsinnigen und engagierten Mitstreiter f\u00fcr die gute Sache Gottes\u00bb. Er sei ein \u00abwahrer Br\u00fcckenbauer der Menschlichkeit\u00bb und ein \u00fcberzeugter \u00d6kumeniker, der nicht aufgebe, das Gemeinsame zu suchen. Abteilungsleiterin Isabel Schmitt-Falckenberg vom Bundesinnenministerium hob die Bedeutung der kirchlichen Seelsorge an der Bundespolizei hervor und \u00fcberbrachte die Gr\u00fc\u00dfe von Bundesinnenministerin Nancy Faeser (SPD).<\/p>\n<p class=\"MsoPlainText\">&nbsp;<\/p>\n<p class=\"MsoPlainText\">Der Ratsvorsitzende der Konf\u00f6deration evangelischer Kirche in Niedersachsen, Bischof Thomas Adomeit aus Oldenburg, sagte am Rande des Gottesdienstes, Manzke habe mit seiner Expertise und seinem Netzwerk dazu beigetragen, die f\u00fcnf evangelischen Kirchen n\u00e4her zusammenzubringen und in gesellschaftlichen Fragen sprachf\u00e4hig zu machen. Dabei habe er \u00abin aller sachlichen Tiefe eine zwischenmenschliche Leichtigkeit sp\u00fcrbar werden lassen.\u00bb<\/p>\n<p class=\"MsoPlainText\">&nbsp;<\/p>\n<p class=\"MsoPlainText\">Zu seinem Nachfolger im Bischofsamt wurde der bayerische Pfarrer Oliver Schuegraf (54) gew\u00e4hlt, der bisher als Oberkirchenrat f\u00fcr das Nationalkomitee des Lutherischen Weltbundes in Hannover t\u00e4tig ist. Schuegraf wird am 25. Mai um 14 Uhr mit einem Festgottesdienst in der Stadtkirche in sein neues Amt eingef\u00fchrt.<\/p>\n<p class=\"MsoPlainText\">&nbsp;<\/p>\n<p class=\"MsoPlainText\">Manzke wuchs als Sohn eines leitenden Theologen in Celle auf und studierte Theologie und Philosophie in T\u00fcbingen, London und M\u00fcnchen. Danach war er sieben Jahre Pastor in Soltau, drei Jahre Studiendirektor im Predigerseminar Imbshausen der hannoverschen Landeskirche bei Northeim und elf Jahre Superintendent in Aurich.&nbsp;Manzke ist verheiratet und hat zwei erwachsene Kinder. F\u00fcr den Ruhestand will er nach Hamburg ziehen.<\/p>\n<p>Kirche-Oldenburg<br \/>\n<a href=\"https:\/\/www.kirche-oldenburg.de\/\/aktuell\/news-niedersachsen\/artikel\/bischof-manzke-in-den-ruhestand-verabschiedet-ministerpraesident-weil-theologe-war-wichtiger-gespraechspartner\" target=\"_blank\" rel=\"noopener\">Bischof Manzke in den Ruhestand verabschiedet &#8211; Ministerpr\u00e4sident  Weil: Theologe war wichtiger Gespr\u00e4chspartner<\/a><\/p>\n","protected":false},"excerpt":{"rendered":"<p>B\u00fcckeburg (epd). Nach 14 Jahren im Amt ist der schaumburg-lippische Landesbischof Karl-Hinrich Manzke am Sonnabend in B\u00fcckeburg mit einem festlichen Gottesdienst in den Ruhestand verabschiedet worden. Der Leitende Bischof der Vereinigten Evangelisch-Lutherischen Kirche Deutschlands (VELKD), Ralf Meister aus Hannover, entpflichtete ihn offiziell von seinen Aufgaben. Er w\u00fcrdigte Manzke als klugen Repr\u00e4sentanten der Kirche, der die Treue zu den Menschen vor Ort mit Weite und Weltoffenheit verbunden habe. &nbsp; Der 66-j\u00e4hrige Manzke stand seit 2009 an der Spitze der Evangelisch-Lutherischen Landeskirche Schaumburg-Lippe an der Grenze von Niedersachsen zu Nordrhein-Westfalen. In seiner Abschiedspredigt dankte er den Menschen im Schaumburger Land f\u00fcr die&#8230;<\/p>\n","protected":false},"author":7,"featured_media":0,"comment_status":"false","ping_status":"open","sticky":false,"template":"","format":"standard","meta":{"footnotes":""},"categories":[43],"tags":[44],"class_list":["post-26588","post","type-post","status-publish","format-standard","hentry","category-kirche-oldenburg","tag-kirche-oldenburg"],"_links":{"self":[{"href":"https:\/\/christusnews.de\/site\/wp-json\/wp\/v2\/posts\/26588","targetHints":{"allow":["GET"]}}],"collection":[{"href":"https:\/\/christusnews.de\/site\/wp-json\/wp\/v2\/posts"}],"about":[{"href":"https:\/\/christusnews.de\/site\/wp-json\/wp\/v2\/types\/post"}],"author":[{"embeddable":true,"href":"https:\/\/christusnews.de\/site\/wp-json\/wp\/v2\/users\/7"}],"replies":[{"embeddable":true,"href":"https:\/\/christusnews.de\/site\/wp-json\/wp\/v2\/comments?post=26588"}],"version-history":[{"count":1,"href":"https:\/\/christusnews.de\/site\/wp-json\/wp\/v2\/posts\/26588\/revisions"}],"predecessor-version":[{"id":26589,"href":"https:\/\/christusnews.de\/site\/wp-json\/wp\/v2\/posts\/26588\/revisions\/26589"}],"wp:attachment":[{"href":"https:\/\/christusnews.de\/site\/wp-json\/wp\/v2\/media?parent=26588"}],"wp:term":[{"taxonomy":"category","embeddable":true,"href":"https:\/\/christusnews.de\/site\/wp-json\/wp\/v2\/categories?post=26588"},{"taxonomy":"post_tag","embeddable":true,"href":"https:\/\/christusnews.de\/site\/wp-json\/wp\/v2\/tags?post=26588"}],"curies":[{"name":"wp","href":"https:\/\/api.w.org\/{rel}","templated":true}]}}