{"id":26592,"date":"2024-02-24T12:40:00","date_gmt":"2024-02-24T11:40:00","guid":{"rendered":"https:\/\/christusnews.de\/site\/bundestagspraesidentin-waehlen-mit-16-tut-der-demokratie-gut\/"},"modified":"2024-02-26T22:17:21","modified_gmt":"2024-02-26T21:17:21","slug":"bundestagspraesidentin-waehlen-mit-16-tut-der-demokratie-gut","status":"publish","type":"post","link":"https:\/\/christusnews.de\/site\/bundestagspraesidentin-waehlen-mit-16-tut-der-demokratie-gut\/","title":{"rendered":"Bundestagspr\u00e4sidentin: W\u00e4hlen mit 16 tut der Demokratie gut"},"content":{"rendered":"<p class=\"MsoPlainText\">Braunschweig\/Berlin (epd). Bundestagspr\u00e4sidentin B\u00e4rbel Bas (SPD) pl\u00e4diert daf\u00fcr, das Wahlalter auch bei Bundestagswahlen auf 16 Jahre abzusenken. \u00abBei der Europawahl im Juni d\u00fcrfen zum ersten Mal auch 16-J\u00e4hrige w\u00e4hlen. Das tut unserer Demokratie gut\u00bb, sagte Bas den Zeitungen der Funke Mediengruppe (Sonnabend). \u00abWir sollten mit der Bundestagswahl und den Landtagswahlen nachziehen.\u00bb In einigen Bundesl\u00e4ndern sei das W\u00e4hlen mit 16 schon m\u00f6glich.<\/p>\n<p class=\"MsoPlainText\">&nbsp;<\/p>\n<p class=\"MsoPlainText\">Manche h\u00e4tten Bauchschmerzen, wenn Jugendliche vor der Vollj\u00e4hrigkeit das Wahlrecht bek\u00e4men, f\u00fcgte sie hinzu. \u00abIch werde aber nicht aufh\u00f6ren, f\u00fcr eine verfassungs\u00e4ndernde Mehrheit zur Absenkung des Wahlalters auf 16 zu werben. F\u00fcr mich ist das Teil der Demokratieerziehung.\u00bb Je fr\u00fcher Menschen w\u00e4hlen gingen, desto wahrscheinlicher sei es, dass sie auch zuk\u00fcnftig regelm\u00e4\u00dfig an Wahlen teiln\u00e4hmen.<\/p>\n<p class=\"MsoPlainText\">&nbsp;<\/p>\n<p class=\"MsoPlainText\">Die Parlamentspr\u00e4sidentin zeigte zudem Sympathie f\u00fcr eine Stimmabgabe per App, wie Estland es derzeit plant. \u00abDiese App m\u00f6chte ich mir unbedingt anschauen, das k\u00f6nnte zuk\u00fcnftig ein sinnvolles Instrument sein\u00bb, sagte sie den Funke-Zeitungen. Selbstverst\u00e4ndlich m\u00fcsse sichergestellt sein, dass eine Wahl-App nicht manipulierbar sei. \u00abWir wollen gerade auch mehr junge Leute f\u00fcr Wahlen gewinnen und die Wahlbeteiligung erh\u00f6hen. Deshalb m\u00fcssen wir offen f\u00fcr Neues sein\u00bb, betonte sie.<\/p>\n<p>Kirche-Oldenburg<br \/>\n<a href=\"https:\/\/www.kirche-oldenburg.de\/\/aktuell\/news-niedersachsen\/artikel\/bundestagspraesidentin-waehlen-mit-16-tut-der-demokratie-gut\" target=\"_blank\" rel=\"noopener\">Bundestagspr\u00e4sidentin: W\u00e4hlen mit 16 tut der Demokratie gut<\/a><\/p>\n","protected":false},"excerpt":{"rendered":"<p>Braunschweig\/Berlin (epd). Bundestagspr\u00e4sidentin B\u00e4rbel Bas (SPD) pl\u00e4diert daf\u00fcr, das Wahlalter auch bei Bundestagswahlen auf 16 Jahre abzusenken. \u00abBei der Europawahl im Juni d\u00fcrfen zum ersten Mal auch 16-J\u00e4hrige w\u00e4hlen. Das tut unserer Demokratie gut\u00bb, sagte Bas den Zeitungen der Funke Mediengruppe (Sonnabend). \u00abWir sollten mit der Bundestagswahl und den Landtagswahlen nachziehen.\u00bb In einigen Bundesl\u00e4ndern sei das W\u00e4hlen mit 16 schon m\u00f6glich. &nbsp; Manche h\u00e4tten Bauchschmerzen, wenn Jugendliche vor der Vollj\u00e4hrigkeit das Wahlrecht bek\u00e4men, f\u00fcgte sie hinzu. \u00abIch werde aber nicht aufh\u00f6ren, f\u00fcr eine verfassungs\u00e4ndernde Mehrheit zur Absenkung des Wahlalters auf 16 zu werben. F\u00fcr mich ist das Teil der Demokratieerziehung.\u00bb&#8230;<\/p>\n","protected":false},"author":7,"featured_media":0,"comment_status":"false","ping_status":"open","sticky":false,"template":"","format":"standard","meta":{"footnotes":""},"categories":[43],"tags":[44],"class_list":["post-26592","post","type-post","status-publish","format-standard","hentry","category-kirche-oldenburg","tag-kirche-oldenburg"],"_links":{"self":[{"href":"https:\/\/christusnews.de\/site\/wp-json\/wp\/v2\/posts\/26592","targetHints":{"allow":["GET"]}}],"collection":[{"href":"https:\/\/christusnews.de\/site\/wp-json\/wp\/v2\/posts"}],"about":[{"href":"https:\/\/christusnews.de\/site\/wp-json\/wp\/v2\/types\/post"}],"author":[{"embeddable":true,"href":"https:\/\/christusnews.de\/site\/wp-json\/wp\/v2\/users\/7"}],"replies":[{"embeddable":true,"href":"https:\/\/christusnews.de\/site\/wp-json\/wp\/v2\/comments?post=26592"}],"version-history":[{"count":1,"href":"https:\/\/christusnews.de\/site\/wp-json\/wp\/v2\/posts\/26592\/revisions"}],"predecessor-version":[{"id":26593,"href":"https:\/\/christusnews.de\/site\/wp-json\/wp\/v2\/posts\/26592\/revisions\/26593"}],"wp:attachment":[{"href":"https:\/\/christusnews.de\/site\/wp-json\/wp\/v2\/media?parent=26592"}],"wp:term":[{"taxonomy":"category","embeddable":true,"href":"https:\/\/christusnews.de\/site\/wp-json\/wp\/v2\/categories?post=26592"},{"taxonomy":"post_tag","embeddable":true,"href":"https:\/\/christusnews.de\/site\/wp-json\/wp\/v2\/tags?post=26592"}],"curies":[{"name":"wp","href":"https:\/\/api.w.org\/{rel}","templated":true}]}}