{"id":26596,"date":"2024-02-23T12:31:00","date_gmt":"2024-02-23T11:31:00","guid":{"rendered":"https:\/\/christusnews.de\/site\/evangelische-kirche-erinnert-an-ausbruch-des-ukraine-kriegs\/"},"modified":"2024-02-26T22:17:22","modified_gmt":"2024-02-26T21:17:22","slug":"evangelische-kirche-erinnert-an-ausbruch-des-ukraine-kriegs","status":"publish","type":"post","link":"https:\/\/christusnews.de\/site\/evangelische-kirche-erinnert-an-ausbruch-des-ukraine-kriegs\/","title":{"rendered":"Evangelische Kirche erinnert an Ausbruch des Ukraine-Kriegs"},"content":{"rendered":"<p class=\"MsoPlainText\">Hannover (epd). Zwei Jahre nach Beginn des russischen Angriffskriegs gegen die Ukraine hat die amtierende Ratsvorsitzende der Evangelischen Kirche in Deutschland (EKD), Kirsten Fehrs, ihr Mitgef\u00fchl mit den Kriegsopfern zum Ausdruck gebracht. Diese zwei Jahre h\u00e4tten einmal mehr gezeigt, was jeder Krieg mit sich bringe, sagte sie laut Mitteilung der EKD am Freitag: \u00abso unendlich viel Leid, hunderttausendfachen Tod, unz\u00e4hlige Verletzte, Gefl\u00fcchtete, verlorene Tr\u00e4ume und verwaiste Kinder\u00bb.<\/p>\n<p class=\"MsoPlainText\">&nbsp;<\/p>\n<p class=\"MsoPlainText\">Ihr Mitgef\u00fchl umfasse ebenso die Frauen, die mit ihren Kindern fliehen mussten und schon monatelang in einem fremden Land lebten, sagte die Hamburger Bisch\u00f6fin weiter. Die amtierende Ratsvorsitzende sagte erneut, dass sie die Verteidigung des Landes gegen den v\u00f6lkerrechtswidrigen Angriff f\u00fcr legitim h\u00e4lt.<\/p>\n<p class=\"MsoPlainText\">&nbsp;<\/p>\n<p class=\"MsoPlainText\">Die Brutalit\u00e4t des russischen Regimes zeige sich tagt\u00e4glich &#8211; nicht zuletzt auch durch den Umgang Russlands mit den Oppositionellen im eigenen Land, so wie mit Alexej Nawalny. Der Kremelgegner war vergangenen Freitag in einem russischen Straflager tot zusammengebrochen. Seine Familie und Menschenrechtler vermuten, dass Nawalny von den russischen Beh\u00f6rden ermordet wurde.<\/p>\n<p class=\"MsoPlainText\">&nbsp;<\/p>\n<p class=\"MsoPlainText\">Fehrs wird zum Jahrestag des Ukraine-Kriegs am Samstag in einem \u00f6kumenischen Gottesdienst in der Hamburger Hauptkirche St. Petri sprechen. Der Gottesdienst wolle mit einem Friedensgebet ein klares Zeichen der Verbundenheit setzen. Neben Fehrs sollen auch der Hamburger Erzbischof Stefan He\u00dfe sowie die Zweite B\u00fcrgermeisterin Hamburgs, Katharina Fegebank (Gr\u00fcne), und die Generalkonsulin der Ukraine, Iryna Tybinka, Ansprachen halten.<\/p>\n<p>Kirche-Oldenburg<br \/>\n<a href=\"https:\/\/www.kirche-oldenburg.de\/\/aktuell\/news-niedersachsen\/artikel\/evangelische-kirche-erinnert-an-ausbruch-des-ukraine-kriegs\" target=\"_blank\" rel=\"noopener\">Evangelische Kirche erinnert an Ausbruch des Ukraine-Kriegs<\/a><\/p>\n","protected":false},"excerpt":{"rendered":"<p>Hannover (epd). Zwei Jahre nach Beginn des russischen Angriffskriegs gegen die Ukraine hat die amtierende Ratsvorsitzende der Evangelischen Kirche in Deutschland (EKD), Kirsten Fehrs, ihr Mitgef\u00fchl mit den Kriegsopfern zum Ausdruck gebracht. Diese zwei Jahre h\u00e4tten einmal mehr gezeigt, was jeder Krieg mit sich bringe, sagte sie laut Mitteilung der EKD am Freitag: \u00abso unendlich viel Leid, hunderttausendfachen Tod, unz\u00e4hlige Verletzte, Gefl\u00fcchtete, verlorene Tr\u00e4ume und verwaiste Kinder\u00bb. &nbsp; Ihr Mitgef\u00fchl umfasse ebenso die Frauen, die mit ihren Kindern fliehen mussten und schon monatelang in einem fremden Land lebten, sagte die Hamburger Bisch\u00f6fin weiter. Die amtierende Ratsvorsitzende sagte erneut, dass sie&#8230;<\/p>\n","protected":false},"author":7,"featured_media":0,"comment_status":"false","ping_status":"open","sticky":false,"template":"","format":"standard","meta":{"footnotes":""},"categories":[43],"tags":[44],"class_list":["post-26596","post","type-post","status-publish","format-standard","hentry","category-kirche-oldenburg","tag-kirche-oldenburg"],"_links":{"self":[{"href":"https:\/\/christusnews.de\/site\/wp-json\/wp\/v2\/posts\/26596","targetHints":{"allow":["GET"]}}],"collection":[{"href":"https:\/\/christusnews.de\/site\/wp-json\/wp\/v2\/posts"}],"about":[{"href":"https:\/\/christusnews.de\/site\/wp-json\/wp\/v2\/types\/post"}],"author":[{"embeddable":true,"href":"https:\/\/christusnews.de\/site\/wp-json\/wp\/v2\/users\/7"}],"replies":[{"embeddable":true,"href":"https:\/\/christusnews.de\/site\/wp-json\/wp\/v2\/comments?post=26596"}],"version-history":[{"count":1,"href":"https:\/\/christusnews.de\/site\/wp-json\/wp\/v2\/posts\/26596\/revisions"}],"predecessor-version":[{"id":26597,"href":"https:\/\/christusnews.de\/site\/wp-json\/wp\/v2\/posts\/26596\/revisions\/26597"}],"wp:attachment":[{"href":"https:\/\/christusnews.de\/site\/wp-json\/wp\/v2\/media?parent=26596"}],"wp:term":[{"taxonomy":"category","embeddable":true,"href":"https:\/\/christusnews.de\/site\/wp-json\/wp\/v2\/categories?post=26596"},{"taxonomy":"post_tag","embeddable":true,"href":"https:\/\/christusnews.de\/site\/wp-json\/wp\/v2\/tags?post=26596"}],"curies":[{"name":"wp","href":"https:\/\/api.w.org\/{rel}","templated":true}]}}