{"id":26602,"date":"2024-02-27T17:00:31","date_gmt":"2024-02-27T16:00:31","guid":{"rendered":"https:\/\/christusnews.de\/site\/nebel-im-august-kinofilm-im-uci-mittwoch-28-februar-2024-um-17-uhrim-rahmen-der-sozialpsychiatrischen-filmtage-wird-am-mittwoch-28-februar-um-17-uhr-im-uci-wilhelmshaven-bahnhof\/"},"modified":"2024-02-27T22:17:31","modified_gmt":"2024-02-27T21:17:31","slug":"nebel-im-august-kinofilm-im-uci-mittwoch-28-februar-2024-um-17-uhrim-rahmen-der-sozialpsychiatrischen-filmtage-wird-am-mittwoch-28-februar-um-17-uhr-im-uci-wilhelmshaven-bahnhof","status":"publish","type":"post","link":"https:\/\/christusnews.de\/site\/nebel-im-august-kinofilm-im-uci-mittwoch-28-februar-2024-um-17-uhrim-rahmen-der-sozialpsychiatrischen-filmtage-wird-am-mittwoch-28-februar-um-17-uhr-im-uci-wilhelmshaven-bahnhof\/","title":{"rendered":"&quot;Nebel im August&quot; &#8211; Kinofilm im UCI &#8211; Mittwoch, 28. Februar 2024 um 17 Uhr\n\nIm Rahmen der Sozialpsychiatrischen Filmtage wird am Mittwoch, 28. Februar um 17 Uhr im UCI Wilhelmshaven (Bahnhofstrasse 22) der Film &quot;Nebel im August&quot; gezeigt.\n\nIm Film geht es um den 13j\u00e4hrigen Ernst Lossa, der w\u00e4hrend der Nazizeit in eine Nervenheilanstalt eingewiesen wird, weil er als nicht erziehbar gilt. Er geh\u00f6rt zur Bev\u00f6lkerungsminderheit der &quot;Jenischen&quot;, die keinen festen Wohnsitz haben und deshalb ausgegrenzt und verfolgt werden. Ernst Jossa erlebt hautnah mit, dass unter der Leitung des Chefarztes Insassen der Heilanstalt get\u00f6tet werden. Er lehnt sich gegen das brutale Unrecht auf und ger\u00e4t selber in Lebensgefahr. \n&quot;Nebel im August&quot; ist ein bewegendes Drama \u00fcber die Grausamkeiten der NS-Zeit und beruht auf einer wahren Begebenheit.\n\nDie Vorstellung kostet 5 Euro. Im Anschluss an den Film besteht die M\u00f6glichkeit, sich in einem vertiefenden Gespr\u00e4ch auszutauschen. Daf\u00fcr stehen Helmut Anacker und Pastor Bernhard Busemann als Filmpaten und Gespr\u00e4chspartner zur Verf\u00fcgung."},"content":{"rendered":"<p>&#8220;Nebel im August&#8221; &#8211; Kinofilm im UCI &#8211; Mittwoch, 28. Februar 2024 um 17 Uhr<\/p>\n<p>Im Rahmen der Sozialpsychiatrischen Filmtage wird am Mittwoch, 28. Februar um 17 Uhr im UCI Wilhelmshaven (Bahnhofstrasse 22) der Film &#8220;Nebel im August&#8221; gezeigt.<\/p>\n<p>Im Film geht es um den 13j\u00e4hrigen Ernst Lossa, der w\u00e4hrend der Nazizeit in eine Nervenheilanstalt eingewiesen wird, weil er als nicht erziehbar gilt. Er geh\u00f6rt zur Bev\u00f6lkerungsminderheit der &#8220;Jenischen&#8221;, die keinen festen Wohnsitz haben und deshalb ausgegrenzt und verfolgt werden. Ernst Jossa erlebt hautnah mit, dass unter der Leitung des Chefarztes Insassen der Heilanstalt get\u00f6tet werden. Er lehnt sich gegen das brutale Unrecht auf und ger\u00e4t selber in Lebensgefahr.<br \/>\n&#8220;Nebel im August&#8221; ist ein bewegendes Drama \u00fcber die Grausamkeiten der NS-Zeit und beruht auf einer wahren Begebenheit.<\/p>\n<p>Die Vorstellung kostet 5 Euro. Im Anschluss an den Film besteht die M\u00f6glichkeit, sich in einem vertiefenden Gespr\u00e4ch auszutauschen. Daf\u00fcr stehen Helmut Anacker und Pastor Bernhard Busemann als Filmpaten und Gespr\u00e4chspartner zur Verf\u00fcgung.<br \/>\nHAVENKIRCHE@FB<br \/>\n<a href=\"https:\/\/www.facebook.com\/396185572708352\/posts\/709236948069878\" target=\"_blank\" rel=\"noopener\">&quot;Nebel im August&quot; &#8211; Kinofilm im UCI &#8211; Mittwoch, 28. Februar 2024 um 17 Uhr<\/p>\n<p>Im Rahmen der Sozialpsychiatrischen Filmtage wird am Mittwoch, 28. Februar um 17 Uhr im UCI Wilhelmshaven (Bahnhofstrasse 22) der Film &quot;Nebel im August&quot; gezeigt.<\/p>\n<p>Im Film geht es um den 13j\u00e4hrigen Ernst Lossa, der w\u00e4hrend der Nazizeit in eine Nervenheilanstalt eingewiesen wird, weil er als nicht erziehbar gilt. Er geh\u00f6rt zur Bev\u00f6lkerungsminderheit der &quot;Jenischen&quot;, die keinen festen Wohnsitz haben und deshalb ausgegrenzt und verfolgt werden. Ernst Jossa erlebt hautnah mit, dass unter der Leitung des Chefarztes Insassen der Heilanstalt get\u00f6tet werden. Er lehnt sich gegen das brutale Unrecht auf und ger\u00e4t selber in Lebensgefahr.<br \/>\n&quot;Nebel im August&quot; ist ein bewegendes Drama \u00fcber die Grausamkeiten der NS-Zeit und beruht auf einer wahren Begebenheit.<\/p>\n<p>Die Vorstellung kostet 5 Euro. Im Anschluss an den Film besteht die M\u00f6glichkeit, sich in einem vertiefenden Gespr\u00e4ch auszutauschen. Daf\u00fcr stehen Helmut Anacker und Pastor Bernhard Busemann als Filmpaten und Gespr\u00e4chspartner zur Verf\u00fcgung.<\/a><\/p>\n","protected":false},"excerpt":{"rendered":"<p>&#8220;Nebel im August&#8221; &#8211; Kinofilm im UCI &#8211; Mittwoch, 28. Februar 2024 um 17 Uhr Im Rahmen der Sozialpsychiatrischen Filmtage wird am Mittwoch, 28. Februar um 17 Uhr im UCI Wilhelmshaven (Bahnhofstrasse 22) der Film &#8220;Nebel im August&#8221; gezeigt. Im Film geht es um den 13j\u00e4hrigen Ernst Lossa, der w\u00e4hrend der Nazizeit in eine Nervenheilanstalt eingewiesen wird, weil er als nicht erziehbar gilt. Er geh\u00f6rt zur Bev\u00f6lkerungsminderheit der &#8220;Jenischen&#8221;, die keinen festen Wohnsitz haben und deshalb ausgegrenzt und verfolgt werden. Ernst Jossa erlebt hautnah mit, dass unter der Leitung des Chefarztes Insassen der Heilanstalt get\u00f6tet werden. Er lehnt sich gegen&#8230;<\/p>\n","protected":false},"author":6,"featured_media":0,"comment_status":"false","ping_status":"open","sticky":false,"template":"","format":"standard","meta":{"footnotes":""},"categories":[75],"tags":[76],"class_list":["post-26602","post","type-post","status-publish","format-standard","hentry","category-havenkirche","tag-havenkirche"],"_links":{"self":[{"href":"https:\/\/christusnews.de\/site\/wp-json\/wp\/v2\/posts\/26602","targetHints":{"allow":["GET"]}}],"collection":[{"href":"https:\/\/christusnews.de\/site\/wp-json\/wp\/v2\/posts"}],"about":[{"href":"https:\/\/christusnews.de\/site\/wp-json\/wp\/v2\/types\/post"}],"author":[{"embeddable":true,"href":"https:\/\/christusnews.de\/site\/wp-json\/wp\/v2\/users\/6"}],"replies":[{"embeddable":true,"href":"https:\/\/christusnews.de\/site\/wp-json\/wp\/v2\/comments?post=26602"}],"version-history":[{"count":1,"href":"https:\/\/christusnews.de\/site\/wp-json\/wp\/v2\/posts\/26602\/revisions"}],"predecessor-version":[{"id":26603,"href":"https:\/\/christusnews.de\/site\/wp-json\/wp\/v2\/posts\/26602\/revisions\/26603"}],"wp:attachment":[{"href":"https:\/\/christusnews.de\/site\/wp-json\/wp\/v2\/media?parent=26602"}],"wp:term":[{"taxonomy":"category","embeddable":true,"href":"https:\/\/christusnews.de\/site\/wp-json\/wp\/v2\/categories?post=26602"},{"taxonomy":"post_tag","embeddable":true,"href":"https:\/\/christusnews.de\/site\/wp-json\/wp\/v2\/tags?post=26602"}],"curies":[{"name":"wp","href":"https:\/\/api.w.org\/{rel}","templated":true}]}}