{"id":26606,"date":"2024-02-27T10:39:00","date_gmt":"2024-02-27T09:39:00","guid":{"rendered":"https:\/\/christusnews.de\/site\/bischof-adomeit-afd-untergraebt-grundlegende-demokratische-werte\/"},"modified":"2024-02-28T22:17:46","modified_gmt":"2024-02-28T21:17:46","slug":"bischof-adomeit-afd-untergraebt-grundlegende-demokratische-werte","status":"publish","type":"post","link":"https:\/\/christusnews.de\/site\/bischof-adomeit-afd-untergraebt-grundlegende-demokratische-werte\/","title":{"rendered":"Bischof Adomeit: AfD untergr\u00e4bt grundlegende demokratische Werte"},"content":{"rendered":"<p class=\"MsoPlainText\">Hannover\/Oldenburg (epd). Der Ratsvorsitzende der Konf\u00f6deration evangelischer Kirchen in Niedersachsen, Bischof Thomas Adomeit, schlie\u00dft sich den Warnungen evangelischer und katholischer Kirchenvertreter vor einer Wahl \u00e4u\u00dferst rechter Parteien wie der AfD an. \u00abSie untergr\u00e4bt durch eine ganze Reihe von Positionierungen und Verhaltensweisen grundlegende demokratische Werte, die f\u00fcr das Zusammenleben in unserer Gesellschaft entscheidend sind\u00bb, sagte Adomeit am Dienstag dem Evangelischen Pressedienst (epd). Wer bei Wahlen f\u00fcr die AfD stimme, m\u00fcsse sich bewusst sein, dadurch die Spaltung der Gesellschaft weiter zu bef\u00f6rdern und \u00dcberzeugungen zu unterst\u00fctzen, die mit dem christlichen Menschenbild nicht vereinbar seien.<\/p>\n<p class=\"MsoPlainText\">&nbsp;<\/p>\n<p class=\"MsoPlainText\">Bereits in der vergangenen Woche hatte die katholische Deutsche Bischofskonferenz vor einer Wahl ultrarechter Parteien einschlie\u00dflich der AfD gewarnt. Die AfD changiere zwischen echtem Rechtsextremismus und einem Rechtspopulismus, der weniger radikal und grunds\u00e4tzlich daher komme, hie\u00df es in einer Erkl\u00e4rung, die bei der Fr\u00fchjahresvollversammlung der Bisch\u00f6fe verabschiedet wurde.<\/p>\n<p class=\"MsoPlainText\">&nbsp;<\/p>\n<p class=\"MsoPlainText\">Am Montag hatte die amtierende Ratsvorsitzende der Evangelischen Kirche in Deutschland (EKD), Kirsten Fehrs, erkl\u00e4rt, v\u00f6lkisch-nationale Gesinnungen sowie menschenverachtende Haltungen und \u00c4u\u00dferungen seien mit den Grunds\u00e4tzen des christlichen Glaubens in keiner Weise vereinbar. \u00abWir ziehen daraus die gemeinsame Konsequenz, vor der Wahl rechtsextremer Parteien einschlie\u00dflich der AfD zu warnen, weil sie Minderheiten ausgrenzen und die Demokratie gef\u00e4hrden.\u00bb<\/p>\n<p class=\"MsoPlainText\">&nbsp;<\/p>\n<p class=\"MsoPlainText\">Der oldenburgische Bischof Adomeit mahnte allerdings, es gelte mit den Menschen im Kontakt zu bleiben, die sich vorstellen k\u00f6nnten, die AfD zu w\u00e4hlen oder das schon getan h\u00e4tten. \u00abUnd da setze ich sehr darauf, dass es Gespr\u00e4chsf\u00e4den gibt oder dass vor Ort Diskussionsmodelle entwickelt werden &#8211; gerne auch von Kirchengemeinden &#8211; , um miteinander im Gespr\u00e4ch zu bleiben oder ins Gespr\u00e4ch zu kommen.\u00bb<\/p>\n<p class=\"MsoPlainText\">&nbsp;<\/p>\n<p class=\"MsoPlainText\">Ihm sei bewusst, wie schwierig diese Gespr\u00e4che oft seien und wie viel Haltung sie verlangten, betonte Adomeit. \u00abKlar muss dabei sein, dass bei antisemitischen, rassistischen oder offen demokratiefeindlichen Diskursen eine Kommunikation nicht m\u00f6glich ist.\u00bb<\/p>\n<p class=\"MsoPlainText\">&nbsp;<\/p>\n<p class=\"MsoPlainText\">Am 9. Juni finden die Europawahl und Kommunalwahlen statt, im September w\u00e4hlen Brandenburg, Sachsen und Th\u00fcringen einen neuen Landtag. Die AfD k\u00f6nnte Umfragen zufolge dann erstmals st\u00e4rkste Partei in einem Bundesland werden.<\/p>\n<p>Kirche-Oldenburg<br \/>\n<a href=\"https:\/\/www.kirche-oldenburg.de\/\/aktuell\/news-niedersachsen\/artikel\/bischof-adomeit-afd-untergraebt-grundlegende-demokratische-werte\" target=\"_blank\" rel=\"noopener\">Bischof Adomeit: AfD untergr\u00e4bt grundlegende demokratische Werte<\/a><\/p>\n","protected":false},"excerpt":{"rendered":"<p>Hannover\/Oldenburg (epd). Der Ratsvorsitzende der Konf\u00f6deration evangelischer Kirchen in Niedersachsen, Bischof Thomas Adomeit, schlie\u00dft sich den Warnungen evangelischer und katholischer Kirchenvertreter vor einer Wahl \u00e4u\u00dferst rechter Parteien wie der AfD an. \u00abSie untergr\u00e4bt durch eine ganze Reihe von Positionierungen und Verhaltensweisen grundlegende demokratische Werte, die f\u00fcr das Zusammenleben in unserer Gesellschaft entscheidend sind\u00bb, sagte Adomeit am Dienstag dem Evangelischen Pressedienst (epd). Wer bei Wahlen f\u00fcr die AfD stimme, m\u00fcsse sich bewusst sein, dadurch die Spaltung der Gesellschaft weiter zu bef\u00f6rdern und \u00dcberzeugungen zu unterst\u00fctzen, die mit dem christlichen Menschenbild nicht vereinbar seien. &nbsp; Bereits in der vergangenen Woche hatte die&#8230;<\/p>\n","protected":false},"author":7,"featured_media":0,"comment_status":"false","ping_status":"open","sticky":false,"template":"","format":"standard","meta":{"footnotes":""},"categories":[43],"tags":[44],"class_list":["post-26606","post","type-post","status-publish","format-standard","hentry","category-kirche-oldenburg","tag-kirche-oldenburg"],"_links":{"self":[{"href":"https:\/\/christusnews.de\/site\/wp-json\/wp\/v2\/posts\/26606","targetHints":{"allow":["GET"]}}],"collection":[{"href":"https:\/\/christusnews.de\/site\/wp-json\/wp\/v2\/posts"}],"about":[{"href":"https:\/\/christusnews.de\/site\/wp-json\/wp\/v2\/types\/post"}],"author":[{"embeddable":true,"href":"https:\/\/christusnews.de\/site\/wp-json\/wp\/v2\/users\/7"}],"replies":[{"embeddable":true,"href":"https:\/\/christusnews.de\/site\/wp-json\/wp\/v2\/comments?post=26606"}],"version-history":[{"count":1,"href":"https:\/\/christusnews.de\/site\/wp-json\/wp\/v2\/posts\/26606\/revisions"}],"predecessor-version":[{"id":26607,"href":"https:\/\/christusnews.de\/site\/wp-json\/wp\/v2\/posts\/26606\/revisions\/26607"}],"wp:attachment":[{"href":"https:\/\/christusnews.de\/site\/wp-json\/wp\/v2\/media?parent=26606"}],"wp:term":[{"taxonomy":"category","embeddable":true,"href":"https:\/\/christusnews.de\/site\/wp-json\/wp\/v2\/categories?post=26606"},{"taxonomy":"post_tag","embeddable":true,"href":"https:\/\/christusnews.de\/site\/wp-json\/wp\/v2\/tags?post=26606"}],"curies":[{"name":"wp","href":"https:\/\/api.w.org\/{rel}","templated":true}]}}