{"id":26614,"date":"2024-02-28T07:42:00","date_gmt":"2024-02-28T06:42:00","guid":{"rendered":"https:\/\/christusnews.de\/site\/end-of-fish-day-fischreserven-in-nord-und-ostsee-aufgebraucht\/"},"modified":"2024-02-29T10:17:29","modified_gmt":"2024-02-29T09:17:29","slug":"end-of-fish-day-fischreserven-in-nord-und-ostsee-aufgebraucht","status":"publish","type":"post","link":"https:\/\/christusnews.de\/site\/end-of-fish-day-fischreserven-in-nord-und-ostsee-aufgebraucht\/","title":{"rendered":"\u00abEnd of Fish Day\u00bb: Fischreserven in Nord- und Ostsee aufgebraucht"},"content":{"rendered":"<p>Bremen (epd). Deutschland hat nach Angaben von Umwelt- und Meeressch\u00fctzern rein rechnerisch an diesem Donnerstag (29. Februar) die eigenen Fischreserven des laufenden Jahres in Nord- und Ostsee ausgebeutet und ist dann auf Importe angewiesen. In diesem Jahr sei der sogenannte \u00abEnd of Fish Day\u00bb fr\u00fcher denn je, hei\u00dft es dazu in einer in Bremen ver\u00f6ffentlichten gemeinsamen Erkl\u00e4rung von \u00abBrot f\u00fcr die Welt\u00bb, \u00abFair Oceans\u00bb und \u00abSlow Food Deutschland\u00bb.<\/p>\n<p>\nDie drei Organisationen machen seit 2019 auf Grundlage von Daten des Bundesinstituts f\u00fcr Landwirtschaft und Ern\u00e4hrung auf den Tag aufmerksam. Er datierte im ersten Jahr noch f\u00fcnf Wochen sp\u00e4ter auf den 5. April.<\/p>\n<p>\n\u00ab2024 liegt in Deutschland der Selbstversorgungsgrad mit Fisch und Fischerzeugnissen bei nur noch 16 Prozent\u00bb, mahnen die Initiatoren des \u00abEnd of Fish Day\u00bb. Klimawandel, Schifffahrt und unzureichender Schutz der Fischbest\u00e4nde verst\u00e4rkten den Wandel von Nord- und Ostsee. Die Konsequenzen seien trotz aller Bem\u00fchungen im Meeresschutz und dem Fischerei-Management verheerend. \u00abDie heimische Fischerei kann immer weniger zu einer nachhaltigen, regionalen Versorgung mit Fischerei-Produkten beitragen.\u00bb<\/p>\n<p>\nDa der Fischkonsum nicht abnehme, wachse die Importabh\u00e4ngigkeit Deutschlands und damit die Verantwortung f\u00fcr den weltweiten Zustand der Meere und die globale Ern\u00e4hrungssicherheit. \u00abDen Fisch, den wir nicht in Nord- und Ostsee fangen, holen wir uns aus anderen Meeresregionen und tragen damit dort Verantwortung f\u00fcr die Konsequenzen\u00bb, erl\u00e4utert Kai Kaschinski, Vorstand von \u00abFair Oceans\u00bb. Ohne eine nachhaltige Fischerei in deutschen Gew\u00e4ssern werde sich der weltweite Druck auf die marinen \u00d6kosysteme und die Ern\u00e4hrungssicherheit weiter erh\u00f6hen.<\/p>\n<p>Kirche-Oldenburg<br \/>\n<a href=\"https:\/\/www.kirche-oldenburg.de\/\/aktuell\/news-niedersachsen\/artikel\/end-of-fish-day-fischreserven-in-nord-und-ostsee-aufgebraucht\" target=\"_blank\" rel=\"noopener\">\u00abEnd of Fish Day\u00bb: Fischreserven in Nord- und Ostsee aufgebraucht<\/a><\/p>\n","protected":false},"excerpt":{"rendered":"<p>Bremen (epd). Deutschland hat nach Angaben von Umwelt- und Meeressch\u00fctzern rein rechnerisch an diesem Donnerstag (29. Februar) die eigenen Fischreserven des laufenden Jahres in Nord- und Ostsee ausgebeutet und ist dann auf Importe angewiesen. In diesem Jahr sei der sogenannte \u00abEnd of Fish Day\u00bb fr\u00fcher denn je, hei\u00dft es dazu in einer in Bremen ver\u00f6ffentlichten gemeinsamen Erkl\u00e4rung von \u00abBrot f\u00fcr die Welt\u00bb, \u00abFair Oceans\u00bb und \u00abSlow Food Deutschland\u00bb. Die drei Organisationen machen seit 2019 auf Grundlage von Daten des Bundesinstituts f\u00fcr Landwirtschaft und Ern\u00e4hrung auf den Tag aufmerksam. Er datierte im ersten Jahr noch f\u00fcnf Wochen sp\u00e4ter auf den 5&#8230;.<\/p>\n","protected":false},"author":7,"featured_media":0,"comment_status":"false","ping_status":"open","sticky":false,"template":"","format":"standard","meta":{"footnotes":""},"categories":[43],"tags":[44],"class_list":["post-26614","post","type-post","status-publish","format-standard","hentry","category-kirche-oldenburg","tag-kirche-oldenburg"],"_links":{"self":[{"href":"https:\/\/christusnews.de\/site\/wp-json\/wp\/v2\/posts\/26614","targetHints":{"allow":["GET"]}}],"collection":[{"href":"https:\/\/christusnews.de\/site\/wp-json\/wp\/v2\/posts"}],"about":[{"href":"https:\/\/christusnews.de\/site\/wp-json\/wp\/v2\/types\/post"}],"author":[{"embeddable":true,"href":"https:\/\/christusnews.de\/site\/wp-json\/wp\/v2\/users\/7"}],"replies":[{"embeddable":true,"href":"https:\/\/christusnews.de\/site\/wp-json\/wp\/v2\/comments?post=26614"}],"version-history":[{"count":1,"href":"https:\/\/christusnews.de\/site\/wp-json\/wp\/v2\/posts\/26614\/revisions"}],"predecessor-version":[{"id":26615,"href":"https:\/\/christusnews.de\/site\/wp-json\/wp\/v2\/posts\/26614\/revisions\/26615"}],"wp:attachment":[{"href":"https:\/\/christusnews.de\/site\/wp-json\/wp\/v2\/media?parent=26614"}],"wp:term":[{"taxonomy":"category","embeddable":true,"href":"https:\/\/christusnews.de\/site\/wp-json\/wp\/v2\/categories?post=26614"},{"taxonomy":"post_tag","embeddable":true,"href":"https:\/\/christusnews.de\/site\/wp-json\/wp\/v2\/tags?post=26614"}],"curies":[{"name":"wp","href":"https:\/\/api.w.org\/{rel}","templated":true}]}}