{"id":26623,"date":"2024-02-29T10:14:00","date_gmt":"2024-02-29T09:14:00","guid":{"rendered":"https:\/\/christusnews.de\/site\/hilfswerk-lange-wartezeit-auf-schule-schadet-fluechtlingskindern\/"},"modified":"2024-03-01T10:17:29","modified_gmt":"2024-03-01T09:17:29","slug":"hilfswerk-lange-wartezeit-auf-schule-schadet-fluechtlingskindern","status":"publish","type":"post","link":"https:\/\/christusnews.de\/site\/hilfswerk-lange-wartezeit-auf-schule-schadet-fluechtlingskindern\/","title":{"rendered":"Hilfswerk: Lange Wartezeit auf Schule schadet Fl\u00fcchtlingskindern"},"content":{"rendered":"<p>Osnabr\u00fcck (epd). Das Kinderhilfswerk terre des hommes hat die teils monatelange Wartezeit auf einen Schulplatz f\u00fcr gefl\u00fcchtete Kinder und Jugendliche kritisiert. \u00abDas ist ein akutes Problem nicht nur in den gro\u00dfen Metropolen\u00bb, sagte die Referentin f\u00fcr Deutschland und Europa, Teresa Wilmes, in einem Gespr\u00e4ch mit dem Evangelischen Pressedienst (epd). Aus verschiedenen Bundesl\u00e4ndern erhalte die Kinderrechtsorganisation Berichte \u00fcber entsprechende Verz\u00f6gerungen. Auch Fl\u00fcchtlings-Selbstorganisationen und psychosoziale Zentren machten vermehrt darauf aufmerksam.<\/p>\n<p>\nLaut Kinderrechtskonvention habe jedes Kind und jeder Jugendliche ein Recht auf Bildung. Sp\u00e4testens nach drei Monaten m\u00fcsse ihnen der Zugang zur Regelschule gew\u00e4hrt werden. K\u00f6nnten die gefl\u00fcchteten Kinder und Jugendlichen \u00fcber l\u00e4ngere Zeit keine Schule besuchen, k\u00f6nne dies zahlreiche Folgeprobleme nach sich ziehen, erl\u00e4uterte die Expertin. Bereits auf der Flucht h\u00e4tten die jungen Menschen keine Schule besucht. \u00abIn Deutschland wird diese Bildungsl\u00fccke dann noch vergr\u00f6\u00dfert.\u00bb<\/p>\n<p>\nDie Schule sei allerdings nicht nur Bildungsinstitution, sagte Wilmes. Sie erm\u00f6gliche den Kontakt zu Kindern vor Ort, vermittle den Schutzsuchenden eine Tagesstruktur und gebe ihnen Halt und Sicherheit. Das sei besonders f\u00fcr die vielen traumatisierten Jungen und M\u00e4dchen wichtig. Lehrkr\u00e4fte k\u00f6nnten wichtige Bezugspersonen sein.<\/p>\n<p>\nF\u00fcr viele bedeute der Schulbesuch auch eine Entzerrung des Alltags in den oft beengten Gemeinschaftsunterk\u00fcnften, erl\u00e4uterte sie weiter. \u00abDas entlastet die Familien und reduziert Stress.\u00bb Falle all das \u00fcber l\u00e4ngere Zeit weg, k\u00f6nnten sich Traumata verst\u00e4rken. Das Erlernen der Sprache und die Integration verz\u00f6gerten sich und w\u00fcrden erschwert.<\/p>\n<p>\nAuch die Bildungsangebote in den Erstaufnahmeeinrichtungen sind laut Wilmes kein ad\u00e4quater Ersatz der Regelschule und allenfalls als \u00dcbergangsangebot akzeptabel. Gefl\u00fcchtete Kinder h\u00e4tten hier keinen Kontakt zu Gleichaltrigen ohne Fluchtgeschichte. Die Fluktuation sei hoch, die Unterrichtsinhalte seien eingeschr\u00e4nkt.<br \/>\n&nbsp;<\/p>\n<p>Kirche-Oldenburg<br \/>\n<a href=\"https:\/\/www.kirche-oldenburg.de\/\/aktuell\/news-niedersachsen\/artikel\/hilfswerk-lange-wartezeit-auf-schule-schadet-fluechtlingskindern\" target=\"_blank\" rel=\"noopener\">Hilfswerk: Lange Wartezeit auf Schule schadet Fl\u00fcchtlingskindern<\/a><\/p>\n","protected":false},"excerpt":{"rendered":"<p>Osnabr\u00fcck (epd). Das Kinderhilfswerk terre des hommes hat die teils monatelange Wartezeit auf einen Schulplatz f\u00fcr gefl\u00fcchtete Kinder und Jugendliche kritisiert. \u00abDas ist ein akutes Problem nicht nur in den gro\u00dfen Metropolen\u00bb, sagte die Referentin f\u00fcr Deutschland und Europa, Teresa Wilmes, in einem Gespr\u00e4ch mit dem Evangelischen Pressedienst (epd). Aus verschiedenen Bundesl\u00e4ndern erhalte die Kinderrechtsorganisation Berichte \u00fcber entsprechende Verz\u00f6gerungen. Auch Fl\u00fcchtlings-Selbstorganisationen und psychosoziale Zentren machten vermehrt darauf aufmerksam. Laut Kinderrechtskonvention habe jedes Kind und jeder Jugendliche ein Recht auf Bildung. Sp\u00e4testens nach drei Monaten m\u00fcsse ihnen der Zugang zur Regelschule gew\u00e4hrt werden. K\u00f6nnten die gefl\u00fcchteten Kinder und Jugendlichen \u00fcber l\u00e4ngere&#8230;<\/p>\n","protected":false},"author":7,"featured_media":0,"comment_status":"false","ping_status":"open","sticky":false,"template":"","format":"standard","meta":{"footnotes":""},"categories":[43],"tags":[44],"class_list":["post-26623","post","type-post","status-publish","format-standard","hentry","category-kirche-oldenburg","tag-kirche-oldenburg"],"_links":{"self":[{"href":"https:\/\/christusnews.de\/site\/wp-json\/wp\/v2\/posts\/26623","targetHints":{"allow":["GET"]}}],"collection":[{"href":"https:\/\/christusnews.de\/site\/wp-json\/wp\/v2\/posts"}],"about":[{"href":"https:\/\/christusnews.de\/site\/wp-json\/wp\/v2\/types\/post"}],"author":[{"embeddable":true,"href":"https:\/\/christusnews.de\/site\/wp-json\/wp\/v2\/users\/7"}],"replies":[{"embeddable":true,"href":"https:\/\/christusnews.de\/site\/wp-json\/wp\/v2\/comments?post=26623"}],"version-history":[{"count":1,"href":"https:\/\/christusnews.de\/site\/wp-json\/wp\/v2\/posts\/26623\/revisions"}],"predecessor-version":[{"id":26624,"href":"https:\/\/christusnews.de\/site\/wp-json\/wp\/v2\/posts\/26623\/revisions\/26624"}],"wp:attachment":[{"href":"https:\/\/christusnews.de\/site\/wp-json\/wp\/v2\/media?parent=26623"}],"wp:term":[{"taxonomy":"category","embeddable":true,"href":"https:\/\/christusnews.de\/site\/wp-json\/wp\/v2\/categories?post=26623"},{"taxonomy":"post_tag","embeddable":true,"href":"https:\/\/christusnews.de\/site\/wp-json\/wp\/v2\/tags?post=26623"}],"curies":[{"name":"wp","href":"https:\/\/api.w.org\/{rel}","templated":true}]}}