{"id":26639,"date":"2024-03-02T21:44:00","date_gmt":"2024-03-02T20:44:00","guid":{"rendered":"https:\/\/christusnews.de\/site\/missbrauch-ekd-plant-aenderungen-bei-disziplinarrecht-fuer-pfarrer\/"},"modified":"2024-03-03T22:17:50","modified_gmt":"2024-03-03T21:17:50","slug":"missbrauch-ekd-plant-aenderungen-bei-disziplinarrecht-fuer-pfarrer","status":"publish","type":"post","link":"https:\/\/christusnews.de\/site\/missbrauch-ekd-plant-aenderungen-bei-disziplinarrecht-fuer-pfarrer\/","title":{"rendered":"Missbrauch: EKD plant \u00c4nderungen bei Disziplinarrecht f\u00fcr Pfarrer"},"content":{"rendered":"<p class=\"MsoPlainText\">Hannover (epd). Im Zuge der Debatte \u00fcber einen gerechteren Umgang mit Betroffenen sexualisierter Gewalt plant die Evangelische Kirche in Deutschland (EKD) \u00c4nderungen des Disziplinarrechts f\u00fcr Pfarrer. \u00abDie \u00c4nderungen sollen betroffene Personen &#8211; soweit es rechtlich in Disziplinarverfahren m\u00f6glich ist &#8211; vom Objekt zum Subjekt machen\u00bb, sagte die Pr\u00e4ses der Synode der EKD, Anna-Nicole Heinrich, dem Evangelischen Pressedienst (epd).<\/p>\n<p class=\"MsoPlainText\">&nbsp;<\/p>\n<p class=\"MsoPlainText\">Es gehe dabei um Verfahrensregeln, um Akteneinsicht und Kommunikation, sagte Heinrich. Die Gesetzes\u00e4nderung solle in den n\u00e4chsten Wochen ins landeskirchliche Stellungnahmeverfahren gehen und dann im November bei der Tagung des evangelischen Kirchenparlaments zur Abstimmung vorgelegt werden.<\/p>\n<p class=\"MsoPlainText\">&nbsp;<\/p>\n<p class=\"MsoPlainText\">Gut sechs Wochen nach der Ver\u00f6ffentlichung der sogenannten ForuM-Studie zu sexualisierter Gewalt in der EKD und der Diakonie haben sich beide Institutionen auf einen Ma\u00dfnahmenplan verst\u00e4ndigt.&nbsp;Das Beteiligungsforum Sexualisierte Gewalt, das das zentrale Organ f\u00fcr die Missbrauchspr\u00e4vention und -aufarbeitung auf Ebene der EKD ist, hatte Mitte Februar getagt und \u00fcber 40 Empfehlungen der ForuM-Forscher ausgewertet.<\/p>\n<p class=\"MsoPlainText\">&nbsp;<\/p>\n<p class=\"MsoPlainText\">In der evangelischen Kirche wird zudem eine Vereinheitlichung der Verfahren zur Anerkennung erlittenen Leids f\u00fcr die Betroffenen angestrebt. Die Synode wolle ein einheitliches Leistungsmodell in allen 20 Landeskirchen, sagte Heinrich. Sie wolle in den n\u00e4chsten Wochen und Monaten ihre \u00abEnergie intensiv daf\u00fcr einsetzen, alles daf\u00fcr zu tun, dass wir bis zur Synode im November konkrete Ma\u00dfnahmen vorlegen\u00bb.<\/p>\n<p class=\"MsoPlainText\">&nbsp;<\/p>\n<p class=\"MsoPlainText\">\u00abWenn Einheitlichkeit und Standardisierung ein Garant daf\u00fcr sind, dass Verfahren besser laufen, dann m\u00fcssen wir uns auch auf diese Einheitlichkeit und auf diese Standards einlassen\u00bb, betonte Heinrich. Eine Konkurrenz der Landeskirchen darum, wer das bessere Konzept habe, d\u00fcrfe es nicht geben, sagte sie.<\/p>\n<p class=\"MsoPlainText\">&nbsp;<\/p>\n<p class=\"MsoPlainText\">Der unabh\u00e4ngige Forschungsverbund ForuM hatte f\u00fcr seine Studie im Auftrag der EKD mindestens 2.225 Betroffene und 1.259 Beschuldigte ermittelt. Die tats\u00e4chliche Zahl liegt laut den Forschern deutlich h\u00f6her. Sie attestierten Kirche und Diakonie zudem eine \u00abVerantwortungsdiffusion\u00bb, ein problematisches Amtsverst\u00e4ndnis bei Pfarrern und die Diskreditierung von Betroffenen, die Gewalt gegen sie \u00f6ffentlich machten.<\/p>\n<p>Kirche-Oldenburg<br \/>\n<a href=\"https:\/\/www.kirche-oldenburg.de\/\/aktuell\/news-niedersachsen\/artikel\/missbrauch-ekd-plant-aenderungen-bei-disziplinarrecht-fuer-pfarrer\" target=\"_blank\" rel=\"noopener\">Missbrauch: EKD plant \u00c4nderungen bei Disziplinarrecht f\u00fcr Pfarrer<\/a><\/p>\n","protected":false},"excerpt":{"rendered":"<p>Hannover (epd). Im Zuge der Debatte \u00fcber einen gerechteren Umgang mit Betroffenen sexualisierter Gewalt plant die Evangelische Kirche in Deutschland (EKD) \u00c4nderungen des Disziplinarrechts f\u00fcr Pfarrer. \u00abDie \u00c4nderungen sollen betroffene Personen &#8211; soweit es rechtlich in Disziplinarverfahren m\u00f6glich ist &#8211; vom Objekt zum Subjekt machen\u00bb, sagte die Pr\u00e4ses der Synode der EKD, Anna-Nicole Heinrich, dem Evangelischen Pressedienst (epd). &nbsp; Es gehe dabei um Verfahrensregeln, um Akteneinsicht und Kommunikation, sagte Heinrich. Die Gesetzes\u00e4nderung solle in den n\u00e4chsten Wochen ins landeskirchliche Stellungnahmeverfahren gehen und dann im November bei der Tagung des evangelischen Kirchenparlaments zur Abstimmung vorgelegt werden. &nbsp; Gut sechs Wochen nach&#8230;<\/p>\n","protected":false},"author":7,"featured_media":0,"comment_status":"false","ping_status":"open","sticky":false,"template":"","format":"standard","meta":{"footnotes":""},"categories":[43],"tags":[44],"class_list":["post-26639","post","type-post","status-publish","format-standard","hentry","category-kirche-oldenburg","tag-kirche-oldenburg"],"_links":{"self":[{"href":"https:\/\/christusnews.de\/site\/wp-json\/wp\/v2\/posts\/26639","targetHints":{"allow":["GET"]}}],"collection":[{"href":"https:\/\/christusnews.de\/site\/wp-json\/wp\/v2\/posts"}],"about":[{"href":"https:\/\/christusnews.de\/site\/wp-json\/wp\/v2\/types\/post"}],"author":[{"embeddable":true,"href":"https:\/\/christusnews.de\/site\/wp-json\/wp\/v2\/users\/7"}],"replies":[{"embeddable":true,"href":"https:\/\/christusnews.de\/site\/wp-json\/wp\/v2\/comments?post=26639"}],"version-history":[{"count":1,"href":"https:\/\/christusnews.de\/site\/wp-json\/wp\/v2\/posts\/26639\/revisions"}],"predecessor-version":[{"id":26640,"href":"https:\/\/christusnews.de\/site\/wp-json\/wp\/v2\/posts\/26639\/revisions\/26640"}],"wp:attachment":[{"href":"https:\/\/christusnews.de\/site\/wp-json\/wp\/v2\/media?parent=26639"}],"wp:term":[{"taxonomy":"category","embeddable":true,"href":"https:\/\/christusnews.de\/site\/wp-json\/wp\/v2\/categories?post=26639"},{"taxonomy":"post_tag","embeddable":true,"href":"https:\/\/christusnews.de\/site\/wp-json\/wp\/v2\/tags?post=26639"}],"curies":[{"name":"wp","href":"https:\/\/api.w.org\/{rel}","templated":true}]}}