{"id":26641,"date":"2024-03-02T21:43:00","date_gmt":"2024-03-02T20:43:00","guid":{"rendered":"https:\/\/christusnews.de\/site\/forstamt-laedt-zur-ersten-buergerpflanzaktion-in-ostfriesland-ein\/"},"modified":"2024-03-03T22:17:51","modified_gmt":"2024-03-03T21:17:51","slug":"forstamt-laedt-zur-ersten-buergerpflanzaktion-in-ostfriesland-ein","status":"publish","type":"post","link":"https:\/\/christusnews.de\/site\/forstamt-laedt-zur-ersten-buergerpflanzaktion-in-ostfriesland-ein\/","title":{"rendered":"Forstamt l\u00e4dt zur ersten B\u00fcrgerpflanzaktion in Ostfriesland ein"},"content":{"rendered":"<p class=\"MsoPlainText\">Aurich\/Neuenburg (epd). Das Forstamt Neuenburg sucht Freiwillige in Ostfriesland, um \u00abden Wald von morgen\u00bb zu pflanzen. In Neuenwalde, nord\u00f6stlich von Aurich, sollen rund 2.000 junge Buchen gesetzt werden, teilte Forstamtsleiter Uwe Mestemacher am Freitag mit. Die Aktion starte am 16. M\u00e4rz um 9 Uhr. Die Freiwilligen sollten robuste Kleidung, festes Schuhwerk und Arbeitshandschuhe mitbringen.<\/p>\n<p class=\"MsoPlainText\">&nbsp;<\/p>\n<p class=\"MsoPlainText\">Bei der Waldfl\u00e4che handele es sich um einen alten Fichtenwald, in den der Sturm vereinzelt L\u00f6cher gerissen habe, hie\u00df es. Anschlie\u00dfend habe der Borkenk\u00e4fer weitere Fichten befallen. Douglasien, L\u00e4rchen und einigen Fichten seien dort bereits gepflanzt worden, nun solle mit Buchen die wichtigste Laubbaumart erg\u00e4nzt werden. Mit dieser Kombination sei der Wald f\u00fcr k\u00fcnftige Klimaentwicklungen gut aufgestellt. W\u00e4hrend der f\u00fcr Ostfriesland erstmaligen Aktion informierten die Forstleute \u00fcber die Besonderheiten der W\u00e4lder und die Waldbewirtschaftung nach den Grunds\u00e4tzen der langfristigen \u00f6kologischen Waldentwicklung in den Landesforsten.<\/p>\n<p class=\"MsoPlainText\">&nbsp;<\/p>\n<p class=\"MsoPlainText\">B\u00e4ume entziehen der Luft das klimasch\u00e4dliche CO2 und binden den Kohlenstoff im Boden und Holz. Werde das Holz genutzt, um daraus Dachst\u00fchle, Fu\u00dfb\u00f6den oder M\u00f6bel zu bauen, bleibe der Kohlenstoff der Atmosph\u00e4re entzogen, w\u00e4hrend im Wald bereits die n\u00e4chsten B\u00e4ume wachsen.<\/p>\n<p>Kirche-Oldenburg<br \/>\n<a href=\"https:\/\/www.kirche-oldenburg.de\/\/aktuell\/news-niedersachsen\/artikel\/forstamt-laedt-zur-ersten-buergerpflanzaktion-in-ostfriesland-ein\" target=\"_blank\" rel=\"noopener\">Forstamt l\u00e4dt zur ersten B\u00fcrgerpflanzaktion in Ostfriesland ein<\/a><\/p>\n","protected":false},"excerpt":{"rendered":"<p>Aurich\/Neuenburg (epd). Das Forstamt Neuenburg sucht Freiwillige in Ostfriesland, um \u00abden Wald von morgen\u00bb zu pflanzen. In Neuenwalde, nord\u00f6stlich von Aurich, sollen rund 2.000 junge Buchen gesetzt werden, teilte Forstamtsleiter Uwe Mestemacher am Freitag mit. Die Aktion starte am 16. M\u00e4rz um 9 Uhr. Die Freiwilligen sollten robuste Kleidung, festes Schuhwerk und Arbeitshandschuhe mitbringen. &nbsp; Bei der Waldfl\u00e4che handele es sich um einen alten Fichtenwald, in den der Sturm vereinzelt L\u00f6cher gerissen habe, hie\u00df es. Anschlie\u00dfend habe der Borkenk\u00e4fer weitere Fichten befallen. Douglasien, L\u00e4rchen und einigen Fichten seien dort bereits gepflanzt worden, nun solle mit Buchen die wichtigste Laubbaumart erg\u00e4nzt&#8230;<\/p>\n","protected":false},"author":7,"featured_media":0,"comment_status":"false","ping_status":"open","sticky":false,"template":"","format":"standard","meta":{"footnotes":""},"categories":[43],"tags":[44],"class_list":["post-26641","post","type-post","status-publish","format-standard","hentry","category-kirche-oldenburg","tag-kirche-oldenburg"],"_links":{"self":[{"href":"https:\/\/christusnews.de\/site\/wp-json\/wp\/v2\/posts\/26641","targetHints":{"allow":["GET"]}}],"collection":[{"href":"https:\/\/christusnews.de\/site\/wp-json\/wp\/v2\/posts"}],"about":[{"href":"https:\/\/christusnews.de\/site\/wp-json\/wp\/v2\/types\/post"}],"author":[{"embeddable":true,"href":"https:\/\/christusnews.de\/site\/wp-json\/wp\/v2\/users\/7"}],"replies":[{"embeddable":true,"href":"https:\/\/christusnews.de\/site\/wp-json\/wp\/v2\/comments?post=26641"}],"version-history":[{"count":1,"href":"https:\/\/christusnews.de\/site\/wp-json\/wp\/v2\/posts\/26641\/revisions"}],"predecessor-version":[{"id":26642,"href":"https:\/\/christusnews.de\/site\/wp-json\/wp\/v2\/posts\/26641\/revisions\/26642"}],"wp:attachment":[{"href":"https:\/\/christusnews.de\/site\/wp-json\/wp\/v2\/media?parent=26641"}],"wp:term":[{"taxonomy":"category","embeddable":true,"href":"https:\/\/christusnews.de\/site\/wp-json\/wp\/v2\/categories?post=26641"},{"taxonomy":"post_tag","embeddable":true,"href":"https:\/\/christusnews.de\/site\/wp-json\/wp\/v2\/tags?post=26641"}],"curies":[{"name":"wp","href":"https:\/\/api.w.org\/{rel}","templated":true}]}}