{"id":26645,"date":"2024-03-01T21:39:00","date_gmt":"2024-03-01T20:39:00","guid":{"rendered":"https:\/\/christusnews.de\/site\/altbischof-kirche-muss-sich-gegen-rechtsextremismus-bekennen\/"},"modified":"2024-03-03T22:17:52","modified_gmt":"2024-03-03T21:17:52","slug":"altbischof-kirche-muss-sich-gegen-rechtsextremismus-bekennen","status":"publish","type":"post","link":"https:\/\/christusnews.de\/site\/altbischof-kirche-muss-sich-gegen-rechtsextremismus-bekennen\/","title":{"rendered":"Altbischof: Kirche muss sich gegen Rechtsextremismus bekennen"},"content":{"rendered":"<p class=\"MsoPlainText\">Braunschweig\/Berlin (epd). Angesichts der Zunahme menschenverachtender \u00c4u\u00dferungen fordert der Vorstandssprecher der Stiftung Zukunft in Berlin, Markus Dr\u00f6ge, von der evangelischen Kirche, sich aktiv gegen Rechtsextremismus zu wenden und die Demokratie zu st\u00e4rken. \u00abWir brauchen keine rein moderierende, sondern eine bekennende Kirche\u00bb, sagte der ehemalige Bischof der Evangelischen Kirche Berlin-Brandenburg-schlesische Oberlausitz&nbsp;(EKBO) im Gespr\u00e4ch mit dem Evangelischen Pressedienst (epd). Am 19.&nbsp;M\u00e4rz h\u00e4lt Dr\u00f6ge im Braunschweiger Dom eine politische Andacht mit dem Titel \u00abWehrhafte Demokratie &#8211; als Kirche Haltung zeigen\u00bb.<\/p>\n<p class=\"MsoPlainText\">&nbsp;<\/p>\n<p class=\"MsoPlainText\">Die Kirche m\u00fcsse sich klar, eindeutig und mutig positioniere, sagte Dr\u00f6ge. Wenn eine Partei, die die Menschenw\u00fcrde und die Werte des Grundgesetzes nicht achte, sich anschicke, die Demokratie zu unterwandern, dann m\u00fcsse Kirche das anmahnen.<\/p>\n<p class=\"MsoPlainText\">&nbsp;<\/p>\n<p class=\"MsoPlainText\">F\u00fcr Christen stehe das Evangelium im Zentrum und damit die Tugenden Glaube, Liebe, Hoffnung. Es gehe um Vertrauen, Solidarit\u00e4t, Gerechtigkeit, darum Schw\u00e4cheren zu helfen, konstruktiv zu sein, im sachlichen, respektvollen Diskurs L\u00f6sungen zu finden.&nbsp;\u00abRechtspopulisten setzen dagegen auf Misstrauen, Egoismus, Ausgrenzung. Sie appellieren an niedrigste Instinkte &#8211; der Kontrast k\u00f6nnte gr\u00f6\u00dfer nicht sein.\u00bb<\/p>\n<p class=\"MsoPlainText\">&nbsp;<\/p>\n<p class=\"MsoPlainText\">Dr\u00f6ge ermunterte Kirchengemeinden, Debatten zu kontroversen Themen anzubieten. \u00abEs sollte den Initiatoren dieser Dialogformate aber klar sein, dass diese Diskussionen gut vorbereitet sein m\u00fcssen &#8211; das gilt insbesondere f\u00fcr den Diskurs mit Rechtspopulisten\u00bb, sagte Dr\u00f6ge. Kirche d\u00fcrfe menschenverachtenden Positionen niemals ein Forum bieten. \u00abHat sich jemand bereits entsprechend ge\u00e4u\u00dfert, so darf er nicht eingeladen werden\u00bb.<\/p>\n<p class=\"MsoPlainText\">&nbsp;<\/p>\n<p class=\"MsoPlainText\">Eine stringente Gespr\u00e4chsf\u00fchrung m\u00fcsse gew\u00e4hrleisten, dass konkret und sachlich debattiert wird. Widerspr\u00fcche, populistische Aussagen und Fake News m\u00fcssten aufgedeckt werden. \u00abNehmen Sie etwa die Agrardiesel-Subventionen. In ihrem Programm schreibt die AfD, dass sie Subventionen generell ablehnt, das hindert sie aber nicht, \u00f6ffentliche Gelder f\u00fcr die Landwirtschaft zu fordern.\u00bb<\/p>\n<p class=\"MsoPlainText\">&nbsp;<\/p>\n<p class=\"MsoPlainText\">Der Altbischof sagte, er hoffe sehr, dass der Kirchentag im kommenden Jahr in Hannover sich der Themen Rechtsextremismus und wehrhafte Demokratie annimmt. \u00abChristen m\u00fcssen sich fragen, wie sie sich positionieren\u00bb.<\/p>\n<p>Kirche-Oldenburg<br \/>\n<a href=\"https:\/\/www.kirche-oldenburg.de\/\/aktuell\/news-niedersachsen\/artikel\/altbischof-kirche-muss-sich-gegen-rechtsextremismus-bekennen\" target=\"_blank\" rel=\"noopener\">Altbischof: Kirche muss sich gegen Rechtsextremismus bekennen<\/a><\/p>\n","protected":false},"excerpt":{"rendered":"<p>Braunschweig\/Berlin (epd). Angesichts der Zunahme menschenverachtender \u00c4u\u00dferungen fordert der Vorstandssprecher der Stiftung Zukunft in Berlin, Markus Dr\u00f6ge, von der evangelischen Kirche, sich aktiv gegen Rechtsextremismus zu wenden und die Demokratie zu st\u00e4rken. \u00abWir brauchen keine rein moderierende, sondern eine bekennende Kirche\u00bb, sagte der ehemalige Bischof der Evangelischen Kirche Berlin-Brandenburg-schlesische Oberlausitz&nbsp;(EKBO) im Gespr\u00e4ch mit dem Evangelischen Pressedienst (epd). Am 19.&nbsp;M\u00e4rz h\u00e4lt Dr\u00f6ge im Braunschweiger Dom eine politische Andacht mit dem Titel \u00abWehrhafte Demokratie &#8211; als Kirche Haltung zeigen\u00bb. &nbsp; Die Kirche m\u00fcsse sich klar, eindeutig und mutig positioniere, sagte Dr\u00f6ge. Wenn eine Partei, die die Menschenw\u00fcrde und die Werte des Grundgesetzes&#8230;<\/p>\n","protected":false},"author":7,"featured_media":0,"comment_status":"false","ping_status":"open","sticky":false,"template":"","format":"standard","meta":{"footnotes":""},"categories":[43],"tags":[44],"class_list":["post-26645","post","type-post","status-publish","format-standard","hentry","category-kirche-oldenburg","tag-kirche-oldenburg"],"_links":{"self":[{"href":"https:\/\/christusnews.de\/site\/wp-json\/wp\/v2\/posts\/26645","targetHints":{"allow":["GET"]}}],"collection":[{"href":"https:\/\/christusnews.de\/site\/wp-json\/wp\/v2\/posts"}],"about":[{"href":"https:\/\/christusnews.de\/site\/wp-json\/wp\/v2\/types\/post"}],"author":[{"embeddable":true,"href":"https:\/\/christusnews.de\/site\/wp-json\/wp\/v2\/users\/7"}],"replies":[{"embeddable":true,"href":"https:\/\/christusnews.de\/site\/wp-json\/wp\/v2\/comments?post=26645"}],"version-history":[{"count":1,"href":"https:\/\/christusnews.de\/site\/wp-json\/wp\/v2\/posts\/26645\/revisions"}],"predecessor-version":[{"id":26646,"href":"https:\/\/christusnews.de\/site\/wp-json\/wp\/v2\/posts\/26645\/revisions\/26646"}],"wp:attachment":[{"href":"https:\/\/christusnews.de\/site\/wp-json\/wp\/v2\/media?parent=26645"}],"wp:term":[{"taxonomy":"category","embeddable":true,"href":"https:\/\/christusnews.de\/site\/wp-json\/wp\/v2\/categories?post=26645"},{"taxonomy":"post_tag","embeddable":true,"href":"https:\/\/christusnews.de\/site\/wp-json\/wp\/v2\/tags?post=26645"}],"curies":[{"name":"wp","href":"https:\/\/api.w.org\/{rel}","templated":true}]}}