{"id":26687,"date":"2024-03-04T14:49:42","date_gmt":"2024-03-04T13:49:42","guid":{"rendered":"https:\/\/christusnews.de\/site\/in-den-osterferien-ist-auf-dem-heppenser-berg-was-los-der-fruehling-kommt-und-auch-in-unserer-kirche-soll-es-gruen-werden-bei-unserer-ferienaktion-fuer-kinder-ab-5-jahren-bauen-wir-diesm\/"},"modified":"2024-03-04T22:17:22","modified_gmt":"2024-03-04T21:17:22","slug":"in-den-osterferien-ist-auf-dem-heppenser-berg-was-los-der-fruehling-kommt-und-auch-in-unserer-kirche-soll-es-gruen-werden-bei-unserer-ferienaktion-fuer-kinder-ab-5-jahren-bauen-wir-diesm","status":"publish","type":"post","link":"https:\/\/christusnews.de\/site\/in-den-osterferien-ist-auf-dem-heppenser-berg-was-los-der-fruehling-kommt-und-auch-in-unserer-kirche-soll-es-gruen-werden-bei-unserer-ferienaktion-fuer-kinder-ab-5-jahren-bauen-wir-diesm\/","title":{"rendered":"In den Osterferien ist auf dem Heppenser Berg was los: Der Fr\u00fchling kommt \u2013 und auch in unserer Kirche soll es gr\u00fcn werden. \n\nBei unserer Ferienaktion f\u00fcr Kinder ab 5 Jahren bauen wir diesmal Osterg\u00e4rten: Erde und Moos, Steine und Holz, Samen und Blumen &#8211; und die Geschichte von Jesus, die wir im Garten in Szene setzen. \n\nDas Team freut sich schon auf zwei kreative Nachmittage mit vielen Kindern, und auf das gro\u00dfe Osterfest zum Abschluss mit den Familien.\n\nInfos bei Meike von Fintel (0152-28979833) und Birte K\u00fchnhold (0171-7107266).\nAnmeldung im Gemeindeb\u00fcro (Kirchenbuero.Whv-Havenkirche@kirche-oldenburg.de)."},"content":{"rendered":"<p>In den Osterferien ist auf dem Heppenser Berg was los: Der Fr\u00fchling kommt \u2013 und auch in unserer Kirche soll es gr\u00fcn werden. <\/p>\n<p>Bei unserer Ferienaktion f\u00fcr Kinder ab 5 Jahren bauen wir diesmal Osterg\u00e4rten: Erde und Moos, Steine und Holz, Samen und Blumen &#8211; und die Geschichte von Jesus, die wir im Garten in Szene setzen. <\/p>\n<p>Das Team freut sich schon auf zwei kreative Nachmittage mit vielen Kindern, und auf das gro\u00dfe Osterfest zum Abschluss mit den Familien.<\/p>\n<p>Infos bei Meike von Fintel (0152-28979833) und Birte K\u00fchnhold (0171-7107266).<br \/>\nAnmeldung im Gemeindeb\u00fcro (Kirchenbuero.Whv-Havenkirche@kirche-oldenburg.de).<br \/>\nHAVENKIRCHE@FB<br \/>\n<a href=\"https:\/\/www.facebook.com\/396185572708352\/posts\/712349524425287\" target=\"_blank\" rel=\"noopener\">In den Osterferien ist auf dem Heppenser Berg was los: Der Fr\u00fchling kommt \u2013 und auch in unserer Kirche soll es gr\u00fcn werden. <\/p>\n<p>Bei unserer Ferienaktion f\u00fcr Kinder ab 5 Jahren bauen wir diesmal Osterg\u00e4rten: Erde und Moos, Steine und Holz, Samen und Blumen &#8211; und die Geschichte von Jesus, die wir im Garten in Szene setzen. <\/p>\n<p>Das Team freut sich schon auf zwei kreative Nachmittage mit vielen Kindern, und auf das gro\u00dfe Osterfest zum Abschluss mit den Familien.<\/p>\n<p>Infos bei Meike von Fintel (0152-28979833) und Birte K\u00fchnhold (0171-7107266).<br \/>\nAnmeldung im Gemeindeb\u00fcro (Kirchenbuero.Whv-Havenkirche@kirche-oldenburg.de).<\/a><\/p>\n","protected":false},"excerpt":{"rendered":"<p>In den Osterferien ist auf dem Heppenser Berg was los: Der Fr\u00fchling kommt \u2013 und auch in unserer Kirche soll es gr\u00fcn werden. Bei unserer Ferienaktion f\u00fcr Kinder ab 5 Jahren bauen wir diesmal Osterg\u00e4rten: Erde und Moos, Steine und Holz, Samen und Blumen &#8211; und die Geschichte von Jesus, die wir im Garten in Szene setzen. Das Team freut sich schon auf zwei kreative Nachmittage mit vielen Kindern, und auf das gro\u00dfe Osterfest zum Abschluss mit den Familien. Infos bei Meike von Fintel (0152-28979833) und Birte K\u00fchnhold (0171-7107266). Anmeldung im Gemeindeb\u00fcro (Kirchenbuero.Whv-Havenkirche@kirche-oldenburg.de). HAVENKIRCHE@FB In den Osterferien ist auf dem&#8230;<\/p>\n","protected":false},"author":6,"featured_media":0,"comment_status":"false","ping_status":"open","sticky":false,"template":"","format":"standard","meta":{"footnotes":""},"categories":[75],"tags":[76],"class_list":["post-26687","post","type-post","status-publish","format-standard","hentry","category-havenkirche","tag-havenkirche"],"_links":{"self":[{"href":"https:\/\/christusnews.de\/site\/wp-json\/wp\/v2\/posts\/26687","targetHints":{"allow":["GET"]}}],"collection":[{"href":"https:\/\/christusnews.de\/site\/wp-json\/wp\/v2\/posts"}],"about":[{"href":"https:\/\/christusnews.de\/site\/wp-json\/wp\/v2\/types\/post"}],"author":[{"embeddable":true,"href":"https:\/\/christusnews.de\/site\/wp-json\/wp\/v2\/users\/6"}],"replies":[{"embeddable":true,"href":"https:\/\/christusnews.de\/site\/wp-json\/wp\/v2\/comments?post=26687"}],"version-history":[{"count":1,"href":"https:\/\/christusnews.de\/site\/wp-json\/wp\/v2\/posts\/26687\/revisions"}],"predecessor-version":[{"id":26688,"href":"https:\/\/christusnews.de\/site\/wp-json\/wp\/v2\/posts\/26687\/revisions\/26688"}],"wp:attachment":[{"href":"https:\/\/christusnews.de\/site\/wp-json\/wp\/v2\/media?parent=26687"}],"wp:term":[{"taxonomy":"category","embeddable":true,"href":"https:\/\/christusnews.de\/site\/wp-json\/wp\/v2\/categories?post=26687"},{"taxonomy":"post_tag","embeddable":true,"href":"https:\/\/christusnews.de\/site\/wp-json\/wp\/v2\/tags?post=26687"}],"curies":[{"name":"wp","href":"https:\/\/api.w.org\/{rel}","templated":true}]}}