{"id":26693,"date":"2024-03-04T10:50:00","date_gmt":"2024-03-04T09:50:00","guid":{"rendered":"https:\/\/christusnews.de\/site\/marianne-gorka-als-neue-regionalbischoefin-in-lueneburg-eingefuehrt\/"},"modified":"2024-03-05T22:17:22","modified_gmt":"2024-03-05T21:17:22","slug":"marianne-gorka-als-neue-regionalbischoefin-in-lueneburg-eingefuehrt","status":"publish","type":"post","link":"https:\/\/christusnews.de\/site\/marianne-gorka-als-neue-regionalbischoefin-in-lueneburg-eingefuehrt\/","title":{"rendered":"Marianne Gorka als neue Regionalbisch\u00f6fin in L\u00fcneburg eingef\u00fchrt"},"content":{"rendered":"<p class=\"MsoPlainText\">L\u00fcneburg (epd). Die evangelische Theologin Marianne Gorka ist neue Regionalbisch\u00f6fin im Sprengel L\u00fcneburg. Der hannoversche Landesbischof Ralf Meister f\u00fchrte die 52-J\u00e4hrige am Sonntag offiziell in das Leitungsamt ein, das sie seit Anfang Februar innehat. In dem Festgottesdienst in der L\u00fcneburger St.-Johanniskirche wurde zugleich ihr Vorg\u00e4nger Stephan Schaede verabschiedet, der als Vizepr\u00e4sident zur Evangelischen Kirche in Deutschland (EKD) gewechselt ist.<\/p>\n<p class=\"MsoPlainText\">&nbsp;<\/p>\n<p class=\"MsoPlainText\">Meister sagte bei der Einf\u00fchrung, Gorka gelinge es, mit ganz lebenspraktischen, oft auch pers\u00f6nlichen Erfahrungen, Menschen anzusprechen. \u00abDeine Gabe ist es, nachsichtig auf den Menschen zu schauen, der in einer verr\u00fcckten und rasenden Welt meist hinterherl\u00e4uft oder \u00fcberfordert und ersch\u00f6pft sich selbst wahrnimmt\u00bb, sagte er. Gorkas \u00abGlaubensfreude\u00bb sei ansteckend.<\/p>\n<p class=\"MsoPlainText\">&nbsp;<\/p>\n<p class=\"MsoPlainText\">Die neue Regionalbisch\u00f6fin rief in ihrer Predigt dazu auf, dem Auftrag Gottes zu folgen und dazu beizutragen, dass alle Menschen Hoffnung und eine Zukunft h\u00e4tten. \u00abDas hei\u00dft, wir m\u00fcssen uns einmischen, wo Unrecht geschieht\u00bb, sagte sie. \u00abWir m\u00fcssen im Schulterschluss mit denen stehen, die f\u00fcr Demokratie und Menschenrechte eintreten, die unsere Freiheit und den Frieden sch\u00fctzen.\u00bb F\u00fcr ihre Worte erhielt sie Applaus in der vollbesetzten Kirche.<\/p>\n<p class=\"MsoPlainText\">&nbsp;<\/p>\n<p class=\"MsoPlainText\">Gorka und Meister gingen beide auch auf sexualisierte Gewalt in der evangelischen Kirche ein, deren Umfang eine Studie erst vor kurzem \u00f6ffentlich gemacht hatte. \u00abWir m\u00fcssen aufarbeiten, was allzu lange und immer wieder verdr\u00e4ngt oder gar vertuscht wurde\u00bb, betonte die Regionalbisch\u00f6fin. Zugleich gelte es anderen Fehler einzugestehen, wenn diese sich glaubw\u00fcrdig und aufrichtig um Aufarbeitung bem\u00fchten.<\/p>\n<p class=\"MsoPlainText\">&nbsp;<\/p>\n<p class=\"MsoPlainText\">Meister sprach von massivem Versagen und furchtbaren Vers\u00e4umnissen der Kirche bei der Aufarbeitung. \u00abDass wir Betroffene \u00fcberh\u00f6rt und nicht ernst genug genommen haben, ist zutiefst besch\u00e4mend\u00bb, sagte er. Jetzt gelte es, gemeinsam Empfehlungen aus den Studien umzusetzen, genau hinzuh\u00f6ren und konsequent zu handeln.<\/p>\n<p class=\"MsoPlainText\">&nbsp;<\/p>\n<p class=\"MsoPlainText\">Marianne Gorka war zuletzt Leiterin des Posaunenwerks der hannoverschen Landeskirche und seit 2014 stellvertretende Direktorin und Referentin der Fortbildungsst\u00e4tte Michaeliskloster in Hildesheim. Zuvor war die geb\u00fcrtige Hildesheimerin unter anderem als Pastorin in Balge und Estorf bei Nienburg sowie in Coppenbr\u00fcgge bei Hameln t\u00e4tig.&nbsp;Ab 2009 bildete sie im Predigerseminar Loccum bei Nienburg als Studieninspektorin k\u00fcnftige Pastorinnen und Pastoren aus. Im NDR-Radio ist sie als Autorin und Sprecherin von Andachten zu h\u00f6ren.<\/p>\n<p class=\"MsoPlainText\">&nbsp;<\/p>\n<p class=\"MsoPlainText\">Der Sprengel L\u00fcneburg ist einer von sechs Bezirken der Evangelisch-lutherischen Landeskirche Hannovers. Zwischen Hittfeld im Norden und Wolfsburg im S\u00fcden, Walsrode im Westen und L\u00fcchow-Dannenberg im Osten erstreckt sich die Region mit zehn Kirchenkreisen. In den insgesamt rund 220 Kirchengemeinden mit mehr als 470.000 Gemeindemitgliedern sind rund 350 Pastorinnen und Pastoren t\u00e4tig.<\/p>\n<p>Kirche-Oldenburg<br \/>\n<a href=\"https:\/\/www.kirche-oldenburg.de\/\/aktuell\/news-niedersachsen\/artikel\/marianne-gorka-als-neue-regionalbischoefin-in-lueneburg-eingefuehrt\" target=\"_blank\" rel=\"noopener\">Marianne Gorka als neue Regionalbisch\u00f6fin in L\u00fcneburg eingef\u00fchrt<\/a><\/p>\n","protected":false},"excerpt":{"rendered":"<p>L\u00fcneburg (epd). Die evangelische Theologin Marianne Gorka ist neue Regionalbisch\u00f6fin im Sprengel L\u00fcneburg. Der hannoversche Landesbischof Ralf Meister f\u00fchrte die 52-J\u00e4hrige am Sonntag offiziell in das Leitungsamt ein, das sie seit Anfang Februar innehat. In dem Festgottesdienst in der L\u00fcneburger St.-Johanniskirche wurde zugleich ihr Vorg\u00e4nger Stephan Schaede verabschiedet, der als Vizepr\u00e4sident zur Evangelischen Kirche in Deutschland (EKD) gewechselt ist. &nbsp; Meister sagte bei der Einf\u00fchrung, Gorka gelinge es, mit ganz lebenspraktischen, oft auch pers\u00f6nlichen Erfahrungen, Menschen anzusprechen. \u00abDeine Gabe ist es, nachsichtig auf den Menschen zu schauen, der in einer verr\u00fcckten und rasenden Welt meist hinterherl\u00e4uft oder \u00fcberfordert und ersch\u00f6pft&#8230;<\/p>\n","protected":false},"author":7,"featured_media":0,"comment_status":"false","ping_status":"open","sticky":false,"template":"","format":"standard","meta":{"footnotes":""},"categories":[43],"tags":[44],"class_list":["post-26693","post","type-post","status-publish","format-standard","hentry","category-kirche-oldenburg","tag-kirche-oldenburg"],"_links":{"self":[{"href":"https:\/\/christusnews.de\/site\/wp-json\/wp\/v2\/posts\/26693","targetHints":{"allow":["GET"]}}],"collection":[{"href":"https:\/\/christusnews.de\/site\/wp-json\/wp\/v2\/posts"}],"about":[{"href":"https:\/\/christusnews.de\/site\/wp-json\/wp\/v2\/types\/post"}],"author":[{"embeddable":true,"href":"https:\/\/christusnews.de\/site\/wp-json\/wp\/v2\/users\/7"}],"replies":[{"embeddable":true,"href":"https:\/\/christusnews.de\/site\/wp-json\/wp\/v2\/comments?post=26693"}],"version-history":[{"count":1,"href":"https:\/\/christusnews.de\/site\/wp-json\/wp\/v2\/posts\/26693\/revisions"}],"predecessor-version":[{"id":26694,"href":"https:\/\/christusnews.de\/site\/wp-json\/wp\/v2\/posts\/26693\/revisions\/26694"}],"wp:attachment":[{"href":"https:\/\/christusnews.de\/site\/wp-json\/wp\/v2\/media?parent=26693"}],"wp:term":[{"taxonomy":"category","embeddable":true,"href":"https:\/\/christusnews.de\/site\/wp-json\/wp\/v2\/categories?post=26693"},{"taxonomy":"post_tag","embeddable":true,"href":"https:\/\/christusnews.de\/site\/wp-json\/wp\/v2\/tags?post=26693"}],"curies":[{"name":"wp","href":"https:\/\/api.w.org\/{rel}","templated":true}]}}