{"id":26695,"date":"2024-03-05T07:51:00","date_gmt":"2024-03-05T06:51:00","guid":{"rendered":"https:\/\/christusnews.de\/site\/verdacht-auf-uebergriffe-in-evangelischen-kindertageseinrichtungen\/"},"modified":"2024-03-06T10:17:22","modified_gmt":"2024-03-06T09:17:22","slug":"verdacht-auf-uebergriffe-in-evangelischen-kindertageseinrichtungen","status":"publish","type":"post","link":"https:\/\/christusnews.de\/site\/verdacht-auf-uebergriffe-in-evangelischen-kindertageseinrichtungen\/","title":{"rendered":"Verdacht auf \u00dcbergriffe in evangelischen Kindertageseinrichtungen"},"content":{"rendered":"<p class=\"MsoPlainText\">Leer (epd). In zwei Kinderkrippen der Evangelisch-reformierten Kirche ist es m\u00f6glicherweise zu sexualisierten \u00dcbergriffen auf Kinder gekommen. Eltern h\u00e4tten die mutma\u00dflichen F\u00e4lle angezeigt, teilte ein Sprecher der Kirche am Dienstag mit. Anschlie\u00dfend sei die Fach- und Meldestelle f\u00fcr sexualisierte Gewalt der Landeskirche informiert worden.<\/p>\n<p class=\"MsoPlainText\">&nbsp;<\/p>\n<p class=\"MsoPlainText\">In beiden Einrichtungen sind dem Sprecher zufolge die der \u00dcbergriffe beschuldigten Personen vom Dienst freigestellt worden. Die Tr\u00e4ger der Kindertageseinrichtungen h\u00e4tten die zust\u00e4ndigen staatlichen Fachstellen eingeschaltet und den Verdacht auf Kindeswohlgef\u00e4hrdung bei der Polizei angezeigt. Die Ermittlungen liefen noch.<\/p>\n<p class=\"MsoPlainText\">&nbsp;<\/p>\n<p class=\"MsoPlainText\">In einem Fall habe die zust\u00e4ndige Fachberatung empfohlen, die Freistellung der beschuldigten Person aufzuheben. Mit R\u00fccksicht auf die Familien der betroffenen Kinder und die Beschuldigten k\u00f6nnten keine weiteren Angaben zu Ort und Zeit gemacht werden, erl\u00e4uterte der Sprecher. Beide Meldungen w\u00fcrden bei der Landeskirche vom zust\u00e4ndigen Interventionsteam behandelt.<\/p>\n<p>Kirche-Oldenburg<br \/>\n<a href=\"https:\/\/www.kirche-oldenburg.de\/\/aktuell\/news-niedersachsen\/artikel\/verdacht-auf-uebergriffe-in-evangelischen-kindertageseinrichtungen\" target=\"_blank\" rel=\"noopener\">Verdacht auf \u00dcbergriffe in evangelischen Kindertageseinrichtungen<\/a><\/p>\n","protected":false},"excerpt":{"rendered":"<p>Leer (epd). In zwei Kinderkrippen der Evangelisch-reformierten Kirche ist es m\u00f6glicherweise zu sexualisierten \u00dcbergriffen auf Kinder gekommen. Eltern h\u00e4tten die mutma\u00dflichen F\u00e4lle angezeigt, teilte ein Sprecher der Kirche am Dienstag mit. Anschlie\u00dfend sei die Fach- und Meldestelle f\u00fcr sexualisierte Gewalt der Landeskirche informiert worden. &nbsp; In beiden Einrichtungen sind dem Sprecher zufolge die der \u00dcbergriffe beschuldigten Personen vom Dienst freigestellt worden. Die Tr\u00e4ger der Kindertageseinrichtungen h\u00e4tten die zust\u00e4ndigen staatlichen Fachstellen eingeschaltet und den Verdacht auf Kindeswohlgef\u00e4hrdung bei der Polizei angezeigt. Die Ermittlungen liefen noch. &nbsp; In einem Fall habe die zust\u00e4ndige Fachberatung empfohlen, die Freistellung der beschuldigten Person aufzuheben. Mit&#8230;<\/p>\n","protected":false},"author":7,"featured_media":0,"comment_status":"false","ping_status":"open","sticky":false,"template":"","format":"standard","meta":{"footnotes":""},"categories":[43],"tags":[44],"class_list":["post-26695","post","type-post","status-publish","format-standard","hentry","category-kirche-oldenburg","tag-kirche-oldenburg"],"_links":{"self":[{"href":"https:\/\/christusnews.de\/site\/wp-json\/wp\/v2\/posts\/26695","targetHints":{"allow":["GET"]}}],"collection":[{"href":"https:\/\/christusnews.de\/site\/wp-json\/wp\/v2\/posts"}],"about":[{"href":"https:\/\/christusnews.de\/site\/wp-json\/wp\/v2\/types\/post"}],"author":[{"embeddable":true,"href":"https:\/\/christusnews.de\/site\/wp-json\/wp\/v2\/users\/7"}],"replies":[{"embeddable":true,"href":"https:\/\/christusnews.de\/site\/wp-json\/wp\/v2\/comments?post=26695"}],"version-history":[{"count":1,"href":"https:\/\/christusnews.de\/site\/wp-json\/wp\/v2\/posts\/26695\/revisions"}],"predecessor-version":[{"id":26696,"href":"https:\/\/christusnews.de\/site\/wp-json\/wp\/v2\/posts\/26695\/revisions\/26696"}],"wp:attachment":[{"href":"https:\/\/christusnews.de\/site\/wp-json\/wp\/v2\/media?parent=26695"}],"wp:term":[{"taxonomy":"category","embeddable":true,"href":"https:\/\/christusnews.de\/site\/wp-json\/wp\/v2\/categories?post=26695"},{"taxonomy":"post_tag","embeddable":true,"href":"https:\/\/christusnews.de\/site\/wp-json\/wp\/v2\/tags?post=26695"}],"curies":[{"name":"wp","href":"https:\/\/api.w.org\/{rel}","templated":true}]}}