{"id":26809,"date":"2024-03-05T14:28:01","date_gmt":"2024-03-05T13:28:01","guid":{"rendered":"https:\/\/christusnews.de\/site\/?p=26809"},"modified":"2024-03-15T14:28:32","modified_gmt":"2024-03-15T13:28:32","slug":"ohne-angst","status":"publish","type":"post","link":"https:\/\/christusnews.de\/site\/ohne-angst\/","title":{"rendered":"Ohne Angst\u00a0"},"content":{"rendered":"\n<p>Ich nehme Sie in dieser Woche mit auf einen kleinen Spaziergang durch die Seitenstra\u00dfe einer Stadt in unserer Region. Dort ist in einer Reihe auf jedem Fenster jeweils ein besonderer Spruch eingraviert. Auf einer Scheibe lese ich den Satz: \u201eFreiheit &#8211; das hei\u00dft keine Angst haben, vor nichts und niemand.\u201c Der Gedanke stammt von Konstantin Wecker, dem Musiker und Liedermacher. Ich muss unwillk\u00fcrlich an die Demonstration f\u00fcr Freiheit, Demokratie und gegen Rechtsextremismus denken, letzten Sonntag in Varel. Da sprach eine junge Frau aus Afghanistan. Sie war als Kind mit ihren Eltern aus ihrer Heimat geflohen. Heute, 10 Jahre sp\u00e4ter spricht sie von der Unterdr\u00fcckung der Frauen in ihrer Heimat, in der M\u00e4dchen nicht zur Schule gehen und keine Ausbildung machen d\u00fcrfen. Und sie spricht von der Freiheit in Deutschland, und davon, wie sie sich aktuell bedroht f\u00fchlt von rechten Remigrations-Fantasien. Die junge Frau macht uns eindr\u00fccklich klar, was in unserem Land derzeit auf dem Spiel steht. \u201eFreiheit &#8211; das hei\u00dft keine Angst haben, vor nichts und niemand.\u201c Daf\u00fcr stehen an diesem Tag mehr als 2.000 Menschen ein und st\u00e4rken der jungen Frau den R\u00fccken. In diesem Land soll niemals wieder jemand Angst haben vor Gewalt und Hass. Niemals und nie wieder!\u00a0<\/p>\n\n\n\n<p><\/p>\n\n\n\n<blockquote class=\"wp-block-quote is-layout-flow wp-block-quote-is-layout-flow\">\n<p id=\"block-e1fb04d9-c3be-42c8-a2c8-f0fda48bf077\"><strong>R\u00fcdiger Schaarschmidt<\/strong><\/p>\n\n\n\n<p id=\"block-4856caf7-8571-49e2-9264-db73626b066a\">H<em>\u00f6ren Sie diesen Beitrag bei Radio Jade:<\/em><br><a href=\"http:\/\/www.radio-jade.de\/mediathek\/angedacht\/\" target=\"_blank\" rel=\"noreferrer noopener\"><em>Alle Beitr\u00e4ge im \u00dcberblick | RADIO JADE<\/em><\/a><\/p>\n<\/blockquote>\n","protected":false},"excerpt":{"rendered":"<p>Ich nehme Sie in dieser Woche mit auf einen kleinen Spaziergang durch die Seitenstra\u00dfe einer Stadt in unserer Region. Dort ist in einer Reihe auf jedem Fenster jeweils ein besonderer Spruch eingraviert. Auf einer Scheibe lese ich den Satz: \u201eFreiheit &#8211; das hei\u00dft keine Angst haben, vor nichts und niemand.\u201c Der Gedanke stammt von Konstantin Wecker, dem Musiker und Liedermacher. Ich muss unwillk\u00fcrlich an die Demonstration f\u00fcr Freiheit, Demokratie und gegen Rechtsextremismus denken, letzten Sonntag in Varel. Da sprach eine junge Frau aus Afghanistan. Sie war als Kind mit ihren Eltern aus ihrer Heimat geflohen. Heute, 10 Jahre sp\u00e4ter spricht&#8230;<\/p>\n","protected":false},"author":6,"featured_media":1171,"comment_status":"closed","ping_status":"open","sticky":false,"template":"","format":"standard","meta":{"footnotes":""},"categories":[5],"tags":[],"class_list":["post-26809","post","type-post","status-publish","format-standard","has-post-thumbnail","hentry","category-angedacht"],"_links":{"self":[{"href":"https:\/\/christusnews.de\/site\/wp-json\/wp\/v2\/posts\/26809","targetHints":{"allow":["GET"]}}],"collection":[{"href":"https:\/\/christusnews.de\/site\/wp-json\/wp\/v2\/posts"}],"about":[{"href":"https:\/\/christusnews.de\/site\/wp-json\/wp\/v2\/types\/post"}],"author":[{"embeddable":true,"href":"https:\/\/christusnews.de\/site\/wp-json\/wp\/v2\/users\/6"}],"replies":[{"embeddable":true,"href":"https:\/\/christusnews.de\/site\/wp-json\/wp\/v2\/comments?post=26809"}],"version-history":[{"count":1,"href":"https:\/\/christusnews.de\/site\/wp-json\/wp\/v2\/posts\/26809\/revisions"}],"predecessor-version":[{"id":26810,"href":"https:\/\/christusnews.de\/site\/wp-json\/wp\/v2\/posts\/26809\/revisions\/26810"}],"wp:featuredmedia":[{"embeddable":true,"href":"https:\/\/christusnews.de\/site\/wp-json\/wp\/v2\/media\/1171"}],"wp:attachment":[{"href":"https:\/\/christusnews.de\/site\/wp-json\/wp\/v2\/media?parent=26809"}],"wp:term":[{"taxonomy":"category","embeddable":true,"href":"https:\/\/christusnews.de\/site\/wp-json\/wp\/v2\/categories?post=26809"},{"taxonomy":"post_tag","embeddable":true,"href":"https:\/\/christusnews.de\/site\/wp-json\/wp\/v2\/tags?post=26809"}],"curies":[{"name":"wp","href":"https:\/\/api.w.org\/{rel}","templated":true}]}}