{"id":27125,"date":"2024-07-28T19:41:37","date_gmt":"2024-07-28T17:41:37","guid":{"rendered":"https:\/\/christusnews.de\/site\/?p=27125"},"modified":"2024-07-01T19:42:31","modified_gmt":"2024-07-01T17:42:31","slug":"fiori-concertati-mit-barockmusik","status":"publish","type":"post","link":"https:\/\/christusnews.de\/site\/fiori-concertati-mit-barockmusik\/","title":{"rendered":"Fiori Concertati mit Barockmusik"},"content":{"rendered":"\n<p><strong>Fiori Concertati mit <\/strong><strong>Barockmusik<\/strong><\/p>\n\n\n\n<p><strong>&nbsp;3. <\/strong><strong>August, 18 Uhr<\/strong><\/p>\n\n\n\n<p>Gleich zwei Solisten von au\u00dfergew\u00f6hnlichem Format hat das Ensemble Fiori Concertati in diesem Jahr f\u00fcr sein traditionelles Sommerkonzert gewonnen: Die geb\u00fcrtige Australierin Emma Black ist Professorin f\u00fcr Oboe an der Wiener Universit\u00e4t f\u00fcr Musik. Zusammen mit dem Geiger Daniel Sepec, seines Zeichens Professor am Brahms-Institut der Musikhochschule L\u00fcbeck und Konzertmeister der Deutschen Kammerphilharmonie Bremen, wird sie Bachs ber\u00fchmtes Doppelkonzert BWV 1060 spielen. Leitung .Matthias Hengelbrock. Eintritt frei.<\/p>\n","protected":false},"excerpt":{"rendered":"<p>Fiori Concertati mit Barockmusik &nbsp;3. August, 18 Uhr Gleich zwei Solisten von au\u00dfergew\u00f6hnlichem Format hat das Ensemble Fiori Concertati in diesem Jahr f\u00fcr sein traditionelles Sommerkonzert gewonnen: Die geb\u00fcrtige Australierin Emma Black ist Professorin f\u00fcr Oboe an der Wiener Universit\u00e4t f\u00fcr Musik. Zusammen mit dem Geiger Daniel Sepec, seines Zeichens Professor am Brahms-Institut der Musikhochschule L\u00fcbeck und Konzertmeister der Deutschen Kammerphilharmonie Bremen, wird sie Bachs ber\u00fchmtes Doppelkonzert BWV 1060 spielen. Leitung .Matthias Hengelbrock. Eintritt frei.<\/p>\n","protected":false},"author":2,"featured_media":27086,"comment_status":"closed","ping_status":"open","sticky":false,"template":"","format":"standard","meta":{"footnotes":""},"categories":[1],"tags":[],"class_list":["post-27125","post","type-post","status-publish","format-standard","has-post-thumbnail","hentry","category-gemeinde"],"_links":{"self":[{"href":"https:\/\/christusnews.de\/site\/wp-json\/wp\/v2\/posts\/27125","targetHints":{"allow":["GET"]}}],"collection":[{"href":"https:\/\/christusnews.de\/site\/wp-json\/wp\/v2\/posts"}],"about":[{"href":"https:\/\/christusnews.de\/site\/wp-json\/wp\/v2\/types\/post"}],"author":[{"embeddable":true,"href":"https:\/\/christusnews.de\/site\/wp-json\/wp\/v2\/users\/2"}],"replies":[{"embeddable":true,"href":"https:\/\/christusnews.de\/site\/wp-json\/wp\/v2\/comments?post=27125"}],"version-history":[{"count":1,"href":"https:\/\/christusnews.de\/site\/wp-json\/wp\/v2\/posts\/27125\/revisions"}],"predecessor-version":[{"id":27126,"href":"https:\/\/christusnews.de\/site\/wp-json\/wp\/v2\/posts\/27125\/revisions\/27126"}],"wp:featuredmedia":[{"embeddable":true,"href":"https:\/\/christusnews.de\/site\/wp-json\/wp\/v2\/media\/27086"}],"wp:attachment":[{"href":"https:\/\/christusnews.de\/site\/wp-json\/wp\/v2\/media?parent=27125"}],"wp:term":[{"taxonomy":"category","embeddable":true,"href":"https:\/\/christusnews.de\/site\/wp-json\/wp\/v2\/categories?post=27125"},{"taxonomy":"post_tag","embeddable":true,"href":"https:\/\/christusnews.de\/site\/wp-json\/wp\/v2\/tags?post=27125"}],"curies":[{"name":"wp","href":"https:\/\/api.w.org\/{rel}","templated":true}]}}