{"id":27134,"date":"2024-08-18T20:48:39","date_gmt":"2024-08-18T18:48:39","guid":{"rendered":"https:\/\/christusnews.de\/site\/?p=27134"},"modified":"2024-07-01T20:50:15","modified_gmt":"2024-07-01T18:50:15","slug":"sjaella-quartonal-a-cappella-vom-feinsten","status":"publish","type":"post","link":"https:\/\/christusnews.de\/site\/sjaella-quartonal-a-cappella-vom-feinsten\/","title":{"rendered":"SJAELLA &amp; QUARTONAL    A-CAPPELLA VOM FEINSTEN"},"content":{"rendered":"\n<p><strong>SJAELLA &amp; QUARTONAL<\/strong><\/p>\n\n\n\n<p><strong>A-CAPPELLA VOM FEINSTEN<\/strong><\/p>\n\n\n\n<p><strong>23. AUGUST 20 UHR<\/strong><\/p>\n\n\n\n<p>Mit <strong>Sjaella<\/strong> (Leipzig) und <strong>Quartonal <\/strong>(Hamburg) schlie\u00dfen sich zwei der erfolgreichsten deutschen Vokalensembles f\u00fcr ein gemeinsames Konzertprogramm zusammen. In ihrer einzigartigen Besetzung als zehnk\u00f6pfiges Solistenensemble pr\u00e4sentieren die S\u00e4ngerinnen und S\u00e4nger eindrucksvoll Vokalwerke des 20. und 21. Jahrhunderts. Das Programm \u201ePeace in our time\u201c stellt ganz bewusst die Fragen unserer Gegenwart, Fragen nach pers\u00f6nlichen Hoffnungen und Tr\u00e4umen. EINTRITT: 30 \u20ac (ERM. 15 \u20ac) \/ FREIE PLATZWAHL<\/p>\n","protected":false},"excerpt":{"rendered":"<p>SJAELLA &amp; QUARTONAL A-CAPPELLA VOM FEINSTEN 23. AUGUST 20 UHR Mit Sjaella (Leipzig) und Quartonal (Hamburg) schlie\u00dfen sich zwei der erfolgreichsten deutschen Vokalensembles f\u00fcr ein gemeinsames Konzertprogramm zusammen. In ihrer einzigartigen Besetzung als zehnk\u00f6pfiges Solistenensemble pr\u00e4sentieren die S\u00e4ngerinnen und S\u00e4nger eindrucksvoll Vokalwerke des 20. und 21. Jahrhunderts. Das Programm \u201ePeace in our time\u201c stellt ganz bewusst die Fragen unserer Gegenwart, Fragen nach pers\u00f6nlichen Hoffnungen und Tr\u00e4umen. EINTRITT: 30 \u20ac (ERM. 15 \u20ac) \/ FREIE PLATZWAHL<\/p>\n","protected":false},"author":2,"featured_media":27089,"comment_status":"closed","ping_status":"open","sticky":false,"template":"","format":"standard","meta":{"footnotes":""},"categories":[1],"tags":[],"class_list":["post-27134","post","type-post","status-publish","format-standard","has-post-thumbnail","hentry","category-gemeinde"],"_links":{"self":[{"href":"https:\/\/christusnews.de\/site\/wp-json\/wp\/v2\/posts\/27134","targetHints":{"allow":["GET"]}}],"collection":[{"href":"https:\/\/christusnews.de\/site\/wp-json\/wp\/v2\/posts"}],"about":[{"href":"https:\/\/christusnews.de\/site\/wp-json\/wp\/v2\/types\/post"}],"author":[{"embeddable":true,"href":"https:\/\/christusnews.de\/site\/wp-json\/wp\/v2\/users\/2"}],"replies":[{"embeddable":true,"href":"https:\/\/christusnews.de\/site\/wp-json\/wp\/v2\/comments?post=27134"}],"version-history":[{"count":1,"href":"https:\/\/christusnews.de\/site\/wp-json\/wp\/v2\/posts\/27134\/revisions"}],"predecessor-version":[{"id":27135,"href":"https:\/\/christusnews.de\/site\/wp-json\/wp\/v2\/posts\/27134\/revisions\/27135"}],"wp:featuredmedia":[{"embeddable":true,"href":"https:\/\/christusnews.de\/site\/wp-json\/wp\/v2\/media\/27089"}],"wp:attachment":[{"href":"https:\/\/christusnews.de\/site\/wp-json\/wp\/v2\/media?parent=27134"}],"wp:term":[{"taxonomy":"category","embeddable":true,"href":"https:\/\/christusnews.de\/site\/wp-json\/wp\/v2\/categories?post=27134"},{"taxonomy":"post_tag","embeddable":true,"href":"https:\/\/christusnews.de\/site\/wp-json\/wp\/v2\/tags?post=27134"}],"curies":[{"name":"wp","href":"https:\/\/api.w.org\/{rel}","templated":true}]}}