{"id":27148,"date":"2024-09-02T21:02:33","date_gmt":"2024-09-02T19:02:33","guid":{"rendered":"https:\/\/christusnews.de\/site\/?p=27148"},"modified":"2024-07-01T21:03:18","modified_gmt":"2024-07-01T19:03:18","slug":"tag-des-offenen-denkmals","status":"publish","type":"post","link":"https:\/\/christusnews.de\/site\/tag-des-offenen-denkmals\/","title":{"rendered":"Tag des Offenen Denkmals"},"content":{"rendered":"\n<p><strong>Tag des Offenen Denkmals<\/strong><\/p>\n\n\n\n<p><strong>8. September 13 \u2013 18 Uhr<\/strong><\/p>\n\n\n\n<p>\u201eWahr-Zeichen. Zeitzeugen der Geschichte\u201c so hei\u00dft am Sonntag, 8.9.2024, der Tag des offenen Denkmals. Bundesweit k\u00f6nnen Millionen Kulturfans erleben, dass Denkmale \u201eWahr-Zeichen\u201c sind: Sie stehen symbolhaft f\u00fcr Geschichte, Zeitabschnitte und Regionen sowie ganz pers\u00f6nliche Geschichten. Die Christus- und Garnisonkirche steht wahrscheinlich wie kein anderes Geb\u00e4ude f\u00fcr die Auf- und Abstiege dieser Stadt. Mittlerweile ist sie eine Kulturvermittlerin in Zeiten der Desinformation. Unterschiedliche F\u00fchrungen.<\/p>\n","protected":false},"excerpt":{"rendered":"<p>Tag des Offenen Denkmals 8. September 13 \u2013 18 Uhr \u201eWahr-Zeichen. Zeitzeugen der Geschichte\u201c so hei\u00dft am Sonntag, 8.9.2024, der Tag des offenen Denkmals. Bundesweit k\u00f6nnen Millionen Kulturfans erleben, dass Denkmale \u201eWahr-Zeichen\u201c sind: Sie stehen symbolhaft f\u00fcr Geschichte, Zeitabschnitte und Regionen sowie ganz pers\u00f6nliche Geschichten. Die Christus- und Garnisonkirche steht wahrscheinlich wie kein anderes Geb\u00e4ude f\u00fcr die Auf- und Abstiege dieser Stadt. Mittlerweile ist sie eine Kulturvermittlerin in Zeiten der Desinformation. Unterschiedliche F\u00fchrungen.<\/p>\n","protected":false},"author":2,"featured_media":27096,"comment_status":"closed","ping_status":"open","sticky":false,"template":"","format":"standard","meta":{"footnotes":""},"categories":[1],"tags":[],"class_list":["post-27148","post","type-post","status-publish","format-standard","has-post-thumbnail","hentry","category-gemeinde"],"_links":{"self":[{"href":"https:\/\/christusnews.de\/site\/wp-json\/wp\/v2\/posts\/27148","targetHints":{"allow":["GET"]}}],"collection":[{"href":"https:\/\/christusnews.de\/site\/wp-json\/wp\/v2\/posts"}],"about":[{"href":"https:\/\/christusnews.de\/site\/wp-json\/wp\/v2\/types\/post"}],"author":[{"embeddable":true,"href":"https:\/\/christusnews.de\/site\/wp-json\/wp\/v2\/users\/2"}],"replies":[{"embeddable":true,"href":"https:\/\/christusnews.de\/site\/wp-json\/wp\/v2\/comments?post=27148"}],"version-history":[{"count":1,"href":"https:\/\/christusnews.de\/site\/wp-json\/wp\/v2\/posts\/27148\/revisions"}],"predecessor-version":[{"id":27149,"href":"https:\/\/christusnews.de\/site\/wp-json\/wp\/v2\/posts\/27148\/revisions\/27149"}],"wp:featuredmedia":[{"embeddable":true,"href":"https:\/\/christusnews.de\/site\/wp-json\/wp\/v2\/media\/27096"}],"wp:attachment":[{"href":"https:\/\/christusnews.de\/site\/wp-json\/wp\/v2\/media?parent=27148"}],"wp:term":[{"taxonomy":"category","embeddable":true,"href":"https:\/\/christusnews.de\/site\/wp-json\/wp\/v2\/categories?post=27148"},{"taxonomy":"post_tag","embeddable":true,"href":"https:\/\/christusnews.de\/site\/wp-json\/wp\/v2\/tags?post=27148"}],"curies":[{"name":"wp","href":"https:\/\/api.w.org\/{rel}","templated":true}]}}