{"id":27241,"date":"2024-08-02T16:36:03","date_gmt":"2024-08-02T14:36:03","guid":{"rendered":"https:\/\/christusnews.de\/site\/fiori-concertati-mit-barockmusik-3-august-18-uhr-in-der-christus-und-garnisonkirchegleich-zwei-solisten-von-aussergewoehnlichem-format-hat-das-ensemble-fiori-concertati-in-diesem-jahr-fuer-sein-t\/"},"modified":"2024-08-02T23:17:38","modified_gmt":"2024-08-02T21:17:38","slug":"fiori-concertati-mit-barockmusik-3-august-18-uhr-in-der-christus-und-garnisonkirchegleich-zwei-solisten-von-aussergewoehnlichem-format-hat-das-ensemble-fiori-concertati-in-diesem-jahr-fuer-sein-t","status":"publish","type":"post","link":"https:\/\/christusnews.de\/site\/fiori-concertati-mit-barockmusik-3-august-18-uhr-in-der-christus-und-garnisonkirchegleich-zwei-solisten-von-aussergewoehnlichem-format-hat-das-ensemble-fiori-concertati-in-diesem-jahr-fuer-sein-t\/","title":{"rendered":"Fiori Concertati mit Barockmusik \n3. August, 18 Uhr in der Christus- und Garnisonkirche\nGleich zwei Solisten von au\u00dfergew\u00f6hnlichem Format hat das Ensemble Fiori Concertati in diesem Jahr f\u00fcr sein traditionelles Sommerkonzert gewonnen: Die geb\u00fcrtige Australierin Emma Black ist Professorin f\u00fcr Oboe an der Wiener Universit\u00e4t f\u00fcr Musik. Zusammen mit dem Geiger Daniel Sepec, seines Zeichens Professor am Brahms-Institut der Musikhochschule L\u00fcbeck und Konzertmeister der Deutschen Kammerphilharmonie Bremen, wird sie Bachs ber\u00fchmtes Doppelkonzert BWV 1060 spielen. Leitung .Matthias Hengelbrock. Eintritt frei."},"content":{"rendered":"<p>Fiori Concertati mit Barockmusik<br \/>\n3. August, 18 Uhr in der Christus- und Garnisonkirche<br \/>\nGleich zwei Solisten von au\u00dfergew\u00f6hnlichem Format hat das Ensemble Fiori Concertati in diesem Jahr f\u00fcr sein traditionelles Sommerkonzert gewonnen: Die geb\u00fcrtige Australierin Emma Black ist Professorin f\u00fcr Oboe an der Wiener Universit\u00e4t f\u00fcr Musik. Zusammen mit dem Geiger Daniel Sepec, seines Zeichens Professor am Brahms-Institut der Musikhochschule L\u00fcbeck und Konzertmeister der Deutschen Kammerphilharmonie Bremen, wird sie Bachs ber\u00fchmtes Doppelkonzert BWV 1060 spielen. Leitung .Matthias Hengelbrock. Eintritt frei.<br \/>\nHAVENKIRCHE@FB<br \/>\n<a href=\"https:\/\/www.facebook.com\/396185572708352\/posts\/801314442195461\" target=\"_blank\" rel=\"noopener\">Fiori Concertati mit Barockmusik<br \/>\n3. August, 18 Uhr in der Christus- und Garnisonkirche<br \/>\nGleich zwei Solisten von au\u00dfergew\u00f6hnlichem Format hat das Ensemble Fiori Concertati in diesem Jahr f\u00fcr sein traditionelles Sommerkonzert gewonnen: Die geb\u00fcrtige Australierin Emma Black ist Professorin f\u00fcr Oboe an der Wiener Universit\u00e4t f\u00fcr Musik. Zusammen mit dem Geiger Daniel Sepec, seines Zeichens Professor am Brahms-Institut der Musikhochschule L\u00fcbeck und Konzertmeister der Deutschen Kammerphilharmonie Bremen, wird sie Bachs ber\u00fchmtes Doppelkonzert BWV 1060 spielen. Leitung .Matthias Hengelbrock. Eintritt frei.<\/a><\/p>\n","protected":false},"excerpt":{"rendered":"<p>Fiori Concertati mit Barockmusik 3. August, 18 Uhr in der Christus- und Garnisonkirche Gleich zwei Solisten von au\u00dfergew\u00f6hnlichem Format hat das Ensemble Fiori Concertati in diesem Jahr f\u00fcr sein traditionelles Sommerkonzert gewonnen: Die geb\u00fcrtige Australierin Emma Black ist Professorin f\u00fcr Oboe an der Wiener Universit\u00e4t f\u00fcr Musik. Zusammen mit dem Geiger Daniel Sepec, seines Zeichens Professor am Brahms-Institut der Musikhochschule L\u00fcbeck und Konzertmeister der Deutschen Kammerphilharmonie Bremen, wird sie Bachs ber\u00fchmtes Doppelkonzert BWV 1060 spielen. Leitung .Matthias Hengelbrock. Eintritt frei. HAVENKIRCHE@FB Fiori Concertati mit Barockmusik 3. August, 18 Uhr in der Christus- und Garnisonkirche Gleich zwei Solisten von au\u00dfergew\u00f6hnlichem Format&#8230;<\/p>\n","protected":false},"author":6,"featured_media":0,"comment_status":"false","ping_status":"open","sticky":false,"template":"","format":"standard","meta":{"footnotes":""},"categories":[75],"tags":[76],"class_list":["post-27241","post","type-post","status-publish","format-standard","hentry","category-havenkirche","tag-havenkirche"],"_links":{"self":[{"href":"https:\/\/christusnews.de\/site\/wp-json\/wp\/v2\/posts\/27241","targetHints":{"allow":["GET"]}}],"collection":[{"href":"https:\/\/christusnews.de\/site\/wp-json\/wp\/v2\/posts"}],"about":[{"href":"https:\/\/christusnews.de\/site\/wp-json\/wp\/v2\/types\/post"}],"author":[{"embeddable":true,"href":"https:\/\/christusnews.de\/site\/wp-json\/wp\/v2\/users\/6"}],"replies":[{"embeddable":true,"href":"https:\/\/christusnews.de\/site\/wp-json\/wp\/v2\/comments?post=27241"}],"version-history":[{"count":1,"href":"https:\/\/christusnews.de\/site\/wp-json\/wp\/v2\/posts\/27241\/revisions"}],"predecessor-version":[{"id":27242,"href":"https:\/\/christusnews.de\/site\/wp-json\/wp\/v2\/posts\/27241\/revisions\/27242"}],"wp:attachment":[{"href":"https:\/\/christusnews.de\/site\/wp-json\/wp\/v2\/media?parent=27241"}],"wp:term":[{"taxonomy":"category","embeddable":true,"href":"https:\/\/christusnews.de\/site\/wp-json\/wp\/v2\/categories?post=27241"},{"taxonomy":"post_tag","embeddable":true,"href":"https:\/\/christusnews.de\/site\/wp-json\/wp\/v2\/tags?post=27241"}],"curies":[{"name":"wp","href":"https:\/\/api.w.org\/{rel}","templated":true}]}}