{"id":27319,"date":"2024-08-31T10:00:14","date_gmt":"2024-08-31T08:00:14","guid":{"rendered":"https:\/\/christusnews.de\/site\/herzweben-webe-mich-in-dein-herz-hineintrauer-haven-kunstprojekt-zum-ewigkeitssonntag-trauern-ist-ein-schmerzhafter-weg-es-tut-weh-sich-von-sachen-unserer-verstorbenen-zu-trennen\/"},"modified":"2024-08-31T11:17:29","modified_gmt":"2024-08-31T09:17:29","slug":"herzweben-webe-mich-in-dein-herz-hineintrauer-haven-kunstprojekt-zum-ewigkeitssonntag-trauern-ist-ein-schmerzhafter-weg-es-tut-weh-sich-von-sachen-unserer-verstorbenen-zu-trennen","status":"publish","type":"post","link":"https:\/\/christusnews.de\/site\/herzweben-webe-mich-in-dein-herz-hineintrauer-haven-kunstprojekt-zum-ewigkeitssonntag-trauern-ist-ein-schmerzhafter-weg-es-tut-weh-sich-von-sachen-unserer-verstorbenen-zu-trennen\/","title":{"rendered":"\u201eHerzweben &#8211; Webe mich in dein Herz hinein&quot;\nTrauer.Haven-Kunstprojekt zum Ewigkeitssonntag \n\nTrauern ist ein schmerzhafter Weg. Es tut weh, sich von Sachen unserer Verstorbenen zu trennen. Wann kann ich den Kleiderschrank leerr\u00e4umen? Wir haben das Gef\u00fchl, den Menschen dann ganz zu verlieren. Erinnerungen, D\u00fcfte, Augenblicke, Ber\u00fchrungen, die ich nicht vergessen will. Wir alle haben Bilder vor Augen: \u201eIch sehe dich im Sommerkleid.\u201c \nDiese Erinnerungen sind fest verwoben mit unseren Lieblingsmenschen.\nAus unseren gemeinsamen Erinnerungsst\u00fccken wird eine gemeinsame Altardecke entstehen. \nSchenkt uns ein Kleidungsst\u00fcck von euerm verstorbenen Lieblingsmenschen. \nEin Teil dieses Kleidungsst\u00fcckes wird zur Altardecke verwoben. \n\nWer sich an dieser Aktion beteiligen m\u00f6chte, melde sich bei \nTrauerHaven Silvia Zahn-Claus \nMail: trauer.haven@kirche-oldenburg.de  Tel 01785540692\n\nWeitere Infos unter www.havenkirche.de \nhttps:\/\/www.kirche-whv-sued.de\/aktuell\/news-artikel?tx_news_pi1%5Baction%5D=detail&amp;tx_news_pi1%5Bcontroller%5D=News&amp;tx_news_pi1%5Bday%5D=26&amp;tx_news_pi1%5Bmonth%5D=08&amp;tx_news_pi1%5Bnews%5D=5514&amp;tx_news_pi1%5Byear%5D=2024&amp;cHash=b68d47e7f67ee4c56f5234d1bf4f8b5a"},"content":{"rendered":"<p>\u201eHerzweben &#8211; Webe mich in dein Herz hinein&#8221;<br \/>\nTrauer.Haven-Kunstprojekt zum Ewigkeitssonntag <\/p>\n<p>Trauern ist ein schmerzhafter Weg. Es tut weh, sich von Sachen unserer Verstorbenen zu trennen. Wann kann ich den Kleiderschrank leerr\u00e4umen? Wir haben das Gef\u00fchl, den Menschen dann ganz zu verlieren. Erinnerungen, D\u00fcfte, Augenblicke, Ber\u00fchrungen, die ich nicht vergessen will. Wir alle haben Bilder vor Augen: \u201eIch sehe dich im Sommerkleid.\u201c<br \/>\nDiese Erinnerungen sind fest verwoben mit unseren Lieblingsmenschen.<br \/>\nAus unseren gemeinsamen Erinnerungsst\u00fccken wird eine gemeinsame Altardecke entstehen.<br \/>\nSchenkt uns ein Kleidungsst\u00fcck von euerm verstorbenen Lieblingsmenschen.<br \/>\nEin Teil dieses Kleidungsst\u00fcckes wird zur Altardecke verwoben. <\/p>\n<p>Wer sich an dieser Aktion beteiligen m\u00f6chte, melde sich bei<br \/>\nTrauerHaven Silvia Zahn-Claus<br \/>\nMail: trauer.haven@kirche-oldenburg.de  Tel 01785540692<\/p>\n<p>Weitere Infos unter www.havenkirche.de<br \/>\nhttps:\/\/www.kirche-whv-sued.de\/aktuell\/news-artikel?tx_news_pi1%5Baction%5D=detail&#038;tx_news_pi1%5Bcontroller%5D=News&#038;tx_news_pi1%5Bday%5D=26&#038;tx_news_pi1%5Bmonth%5D=08&#038;tx_news_pi1%5Bnews%5D=5514&#038;tx_news_pi1%5Byear%5D=2024&#038;cHash=b68d47e7f67ee4c56f5234d1bf4f8b5a<br \/>\nHAVENKIRCHE@FB<br \/>\n<a href=\"https:\/\/www.facebook.com\/396185572708352\/posts\/819889790337926\" target=\"_blank\" rel=\"noopener\">\u201eHerzweben &#8211; Webe mich in dein Herz hinein&quot;<br \/>\nTrauer.Haven-Kunstprojekt zum Ewigkeitssonntag <\/p>\n<p>Trauern ist ein schmerzhafter Weg. Es tut weh, sich von Sachen unserer Verstorbenen zu trennen. Wann kann ich den Kleiderschrank leerr\u00e4umen? Wir haben das Gef\u00fchl, den Menschen dann ganz zu verlieren. Erinnerungen, D\u00fcfte, Augenblicke, Ber\u00fchrungen, die ich nicht vergessen will. Wir alle haben Bilder vor Augen: \u201eIch sehe dich im Sommerkleid.\u201c<br \/>\nDiese Erinnerungen sind fest verwoben mit unseren Lieblingsmenschen.<br \/>\nAus unseren gemeinsamen Erinnerungsst\u00fccken wird eine gemeinsame Altardecke entstehen.<br \/>\nSchenkt uns ein Kleidungsst\u00fcck von euerm verstorbenen Lieblingsmenschen.<br \/>\nEin Teil dieses Kleidungsst\u00fcckes wird zur Altardecke verwoben. <\/p>\n<p>Wer sich an dieser Aktion beteiligen m\u00f6chte, melde sich bei<br \/>\nTrauerHaven Silvia Zahn-Claus<br \/>\nMail: trauer.haven@kirche-oldenburg.de  Tel 01785540692<\/p>\n<p>Weitere Infos unter www.havenkirche.de<br \/>\nhttps:\/\/www.kirche-whv-sued.de\/aktuell\/news-artikel?tx_news_pi1%5Baction%5D=detail&amp;tx_news_pi1%5Bcontroller%5D=News&amp;tx_news_pi1%5Bday%5D=26&amp;tx_news_pi1%5Bmonth%5D=08&amp;tx_news_pi1%5Bnews%5D=5514&amp;tx_news_pi1%5Byear%5D=2024&amp;cHash=b68d47e7f67ee4c56f5234d1bf4f8b5a<\/a><\/p>\n","protected":false},"excerpt":{"rendered":"<p>\u201eHerzweben &#8211; Webe mich in dein Herz hinein&#8221; Trauer.Haven-Kunstprojekt zum Ewigkeitssonntag Trauern ist ein schmerzhafter Weg. Es tut weh, sich von Sachen unserer Verstorbenen zu trennen. Wann kann ich den Kleiderschrank leerr\u00e4umen? Wir haben das Gef\u00fchl, den Menschen dann ganz zu verlieren. Erinnerungen, D\u00fcfte, Augenblicke, Ber\u00fchrungen, die ich nicht vergessen will. Wir alle haben Bilder vor Augen: \u201eIch sehe dich im Sommerkleid.\u201c Diese Erinnerungen sind fest verwoben mit unseren Lieblingsmenschen. Aus unseren gemeinsamen Erinnerungsst\u00fccken wird eine gemeinsame Altardecke entstehen. Schenkt uns ein Kleidungsst\u00fcck von euerm verstorbenen Lieblingsmenschen. Ein Teil dieses Kleidungsst\u00fcckes wird zur Altardecke verwoben. Wer sich an dieser Aktion&#8230;<\/p>\n","protected":false},"author":6,"featured_media":0,"comment_status":"false","ping_status":"open","sticky":false,"template":"","format":"standard","meta":{"footnotes":""},"categories":[75],"tags":[76],"class_list":["post-27319","post","type-post","status-publish","format-standard","hentry","category-havenkirche","tag-havenkirche"],"_links":{"self":[{"href":"https:\/\/christusnews.de\/site\/wp-json\/wp\/v2\/posts\/27319","targetHints":{"allow":["GET"]}}],"collection":[{"href":"https:\/\/christusnews.de\/site\/wp-json\/wp\/v2\/posts"}],"about":[{"href":"https:\/\/christusnews.de\/site\/wp-json\/wp\/v2\/types\/post"}],"author":[{"embeddable":true,"href":"https:\/\/christusnews.de\/site\/wp-json\/wp\/v2\/users\/6"}],"replies":[{"embeddable":true,"href":"https:\/\/christusnews.de\/site\/wp-json\/wp\/v2\/comments?post=27319"}],"version-history":[{"count":1,"href":"https:\/\/christusnews.de\/site\/wp-json\/wp\/v2\/posts\/27319\/revisions"}],"predecessor-version":[{"id":27320,"href":"https:\/\/christusnews.de\/site\/wp-json\/wp\/v2\/posts\/27319\/revisions\/27320"}],"wp:attachment":[{"href":"https:\/\/christusnews.de\/site\/wp-json\/wp\/v2\/media?parent=27319"}],"wp:term":[{"taxonomy":"category","embeddable":true,"href":"https:\/\/christusnews.de\/site\/wp-json\/wp\/v2\/categories?post=27319"},{"taxonomy":"post_tag","embeddable":true,"href":"https:\/\/christusnews.de\/site\/wp-json\/wp\/v2\/tags?post=27319"}],"curies":[{"name":"wp","href":"https:\/\/api.w.org\/{rel}","templated":true}]}}