{"id":27365,"date":"2024-09-16T17:20:05","date_gmt":"2024-09-16T15:20:05","guid":{"rendered":"https:\/\/christusnews.de\/site\/wenn-du-gartengeraete-auch-lieber-zusammen-mit-anderen-zum-einsatz-bringst-haben-wir-was-fuer-dich-am-samstag-21-9-von-10-14-uhr-findet-der-naechste-gartentag-rund-um-die-heppenser-kirche-statt\/"},"modified":"2024-09-16T23:17:35","modified_gmt":"2024-09-16T21:17:35","slug":"wenn-du-gartengeraete-auch-lieber-zusammen-mit-anderen-zum-einsatz-bringst-haben-wir-was-fuer-dich-am-samstag-21-9-von-10-14-uhr-findet-der-naechste-gartentag-rund-um-die-heppenser-kirche-statt","status":"publish","type":"post","link":"https:\/\/christusnews.de\/site\/wenn-du-gartengeraete-auch-lieber-zusammen-mit-anderen-zum-einsatz-bringst-haben-wir-was-fuer-dich-am-samstag-21-9-von-10-14-uhr-findet-der-naechste-gartentag-rund-um-die-heppenser-kirche-statt\/","title":{"rendered":"Wenn du Gartenger\u00e4te auch lieber zusammen mit anderen zum Einsatz bringst, haben wir was f\u00fcr dich: \n\nAm Samstag, 21.9., von 10-14 Uhr findet der n\u00e4chste Gartentag rund um die Heppenser Kirche statt. Wir freuen uns \u00fcber alle, die Lust haben, am Ende des Sommers im Gemeindegarten und auf dem Friedhof mitanzupacken. F\u00fcr einen leckeren Mittags-Imbiss ist gesorgt!\n\nWir bitten um Anmeldung im Gemeindeb\u00fcro (04421-302279; kirchenbuero-havenkirche.whv@kirche-oldenburg.de).\n\nP.S.: Eigene Harken, Besen, Spaten, Eimer &#8230; k\u00f6nnen gern mitgebracht werden!"},"content":{"rendered":"<p>Wenn du Gartenger\u00e4te auch lieber zusammen mit anderen zum Einsatz bringst, haben wir was f\u00fcr dich: <\/p>\n<p>Am Samstag, 21.9., von 10-14 Uhr findet der n\u00e4chste Gartentag rund um die Heppenser Kirche statt. Wir freuen uns \u00fcber alle, die Lust haben, am Ende des Sommers im Gemeindegarten und auf dem Friedhof mitanzupacken. F\u00fcr einen leckeren Mittags-Imbiss ist gesorgt!<\/p>\n<p>Wir bitten um Anmeldung im Gemeindeb\u00fcro (04421-302279; kirchenbuero-havenkirche.whv@kirche-oldenburg.de).<\/p>\n<p>P.S.: Eigene Harken, Besen, Spaten, Eimer &#8230; k\u00f6nnen gern mitgebracht werden!<br \/>\nHAVENKIRCHE@FB<br \/>\n<a href=\"https:\/\/www.facebook.com\/396185572708352\/posts\/830593015934270\" target=\"_blank\" rel=\"noopener\">Wenn du Gartenger\u00e4te auch lieber zusammen mit anderen zum Einsatz bringst, haben wir was f\u00fcr dich: <\/p>\n<p>Am Samstag, 21.9., von 10-14 Uhr findet der n\u00e4chste Gartentag rund um die Heppenser Kirche statt. Wir freuen uns \u00fcber alle, die Lust haben, am Ende des Sommers im Gemeindegarten und auf dem Friedhof mitanzupacken. F\u00fcr einen leckeren Mittags-Imbiss ist gesorgt!<\/p>\n<p>Wir bitten um Anmeldung im Gemeindeb\u00fcro (04421-302279; kirchenbuero-havenkirche.whv@kirche-oldenburg.de).<\/p>\n<p>P.S.: Eigene Harken, Besen, Spaten, Eimer &#8230; k\u00f6nnen gern mitgebracht werden!<\/a><\/p>\n","protected":false},"excerpt":{"rendered":"<p>Wenn du Gartenger\u00e4te auch lieber zusammen mit anderen zum Einsatz bringst, haben wir was f\u00fcr dich: Am Samstag, 21.9., von 10-14 Uhr findet der n\u00e4chste Gartentag rund um die Heppenser Kirche statt. Wir freuen uns \u00fcber alle, die Lust haben, am Ende des Sommers im Gemeindegarten und auf dem Friedhof mitanzupacken. F\u00fcr einen leckeren Mittags-Imbiss ist gesorgt! Wir bitten um Anmeldung im Gemeindeb\u00fcro (04421-302279; kirchenbuero-havenkirche.whv@kirche-oldenburg.de). P.S.: Eigene Harken, Besen, Spaten, Eimer &#8230; k\u00f6nnen gern mitgebracht werden! HAVENKIRCHE@FB Wenn du Gartenger\u00e4te auch lieber zusammen mit anderen zum Einsatz bringst, haben wir was f\u00fcr dich: Am Samstag, 21.9., von 10-14 Uhr findet&#8230;<\/p>\n","protected":false},"author":6,"featured_media":0,"comment_status":"false","ping_status":"open","sticky":false,"template":"","format":"standard","meta":{"footnotes":""},"categories":[75],"tags":[76],"class_list":["post-27365","post","type-post","status-publish","format-standard","hentry","category-havenkirche","tag-havenkirche"],"_links":{"self":[{"href":"https:\/\/christusnews.de\/site\/wp-json\/wp\/v2\/posts\/27365","targetHints":{"allow":["GET"]}}],"collection":[{"href":"https:\/\/christusnews.de\/site\/wp-json\/wp\/v2\/posts"}],"about":[{"href":"https:\/\/christusnews.de\/site\/wp-json\/wp\/v2\/types\/post"}],"author":[{"embeddable":true,"href":"https:\/\/christusnews.de\/site\/wp-json\/wp\/v2\/users\/6"}],"replies":[{"embeddable":true,"href":"https:\/\/christusnews.de\/site\/wp-json\/wp\/v2\/comments?post=27365"}],"version-history":[{"count":1,"href":"https:\/\/christusnews.de\/site\/wp-json\/wp\/v2\/posts\/27365\/revisions"}],"predecessor-version":[{"id":27366,"href":"https:\/\/christusnews.de\/site\/wp-json\/wp\/v2\/posts\/27365\/revisions\/27366"}],"wp:attachment":[{"href":"https:\/\/christusnews.de\/site\/wp-json\/wp\/v2\/media?parent=27365"}],"wp:term":[{"taxonomy":"category","embeddable":true,"href":"https:\/\/christusnews.de\/site\/wp-json\/wp\/v2\/categories?post=27365"},{"taxonomy":"post_tag","embeddable":true,"href":"https:\/\/christusnews.de\/site\/wp-json\/wp\/v2\/tags?post=27365"}],"curies":[{"name":"wp","href":"https:\/\/api.w.org\/{rel}","templated":true}]}}