{"id":27369,"date":"2024-09-18T19:43:04","date_gmt":"2024-09-18T17:43:04","guid":{"rendered":"https:\/\/christusnews.de\/site\/sommerkonzert-mit-the-twaengthe-twaeng-der-wilhelmshavener-popchor-laedt-ein-zum-poppigen-sommerkonzert-in-der-christus-und-garnisonkirche-am-sonntag-22-september-um-18-uhr-the-twaeng-ist-ein-lo\/"},"modified":"2024-09-18T23:17:59","modified_gmt":"2024-09-18T21:17:59","slug":"sommerkonzert-mit-the-twaengthe-twaeng-der-wilhelmshavener-popchor-laedt-ein-zum-poppigen-sommerkonzert-in-der-christus-und-garnisonkirche-am-sonntag-22-september-um-18-uhr-the-twaeng-ist-ein-lo","status":"publish","type":"post","link":"https:\/\/christusnews.de\/site\/sommerkonzert-mit-the-twaengthe-twaeng-der-wilhelmshavener-popchor-laedt-ein-zum-poppigen-sommerkonzert-in-der-christus-und-garnisonkirche-am-sonntag-22-september-um-18-uhr-the-twaeng-ist-ein-lo\/","title":{"rendered":"Sommerkonzert mit The Tw\u00c4ng\nThe Tw\u00c4ng, der Wilhelmshavener Popchor l\u00e4dt ein zum poppigen Sommerkonzert in der Christus- und Garnisonkirche am Sonntag, 22. September um 18 Uhr. The Tw\u00c4ng ist ein lokalans\u00e4ssiger Popchor, dessen Mitglieder aus Wilhelmshaven und Jever kommen. Der Chor wurde Ende 2018 von der Chorleiterin Anna-Rabea Pacheco gegr\u00fcndet und konzertiert seit 2022 \u00f6ffentlich. Das Repertoire des Chores besteht in erster Linie aus Pop- und Musicalsongs, darunter Hits wie \u201eEasy on me\u201c, \u201eThis is me\u201c, \u201eTrue Colors\u201c und \u201eDon&#039;t stop me now. Begleitet wird der Chor von Jorge Luis Pacheco (Klavier), Hendrik Ohlhoff (Gitarre) und Malte Bischoff (Schlagzeug).\nDer Eintritt f\u00fcr das Konzert betr\u00e4gt 5\u20ac, Kinder bis 12J. zahlen keinen Eintritt. Tickets gibt es \u00fcber den Chor, in der Buchhandlung Prien (bis einschlie\u00dflich 18.9.) oder an der Abendkasse zu kaufen.\n #havenkirche #christusundgarnisonkirchewilhelmshaven #WHVVibeFestival #Festival2024 #lutherkirche #christusundgarnisonkirche #wilhelmshaven #kircheammeer #kircheoldenburg #lutherkirchewhv #heppenserkirche"},"content":{"rendered":"<p>Sommerkonzert mit The Tw\u00c4ng<br \/>\nThe Tw\u00c4ng, der Wilhelmshavener Popchor l\u00e4dt ein zum poppigen Sommerkonzert in der Christus- und Garnisonkirche am Sonntag, 22. September um 18 Uhr. The Tw\u00c4ng ist ein lokalans\u00e4ssiger Popchor, dessen Mitglieder aus Wilhelmshaven und Jever kommen. Der Chor wurde Ende 2018 von der Chorleiterin Anna-Rabea Pacheco gegr\u00fcndet und konzertiert seit 2022 \u00f6ffentlich. Das Repertoire des Chores besteht in erster Linie aus Pop- und Musicalsongs, darunter Hits wie \u201eEasy on me\u201c, \u201eThis is me\u201c, \u201eTrue Colors\u201c und \u201eDon&#8217;t stop me now. Begleitet wird der Chor von Jorge Luis Pacheco (Klavier), Hendrik Ohlhoff (Gitarre) und Malte Bischoff (Schlagzeug).<br \/>\nDer Eintritt f\u00fcr das Konzert betr\u00e4gt 5\u20ac, Kinder bis 12J. zahlen keinen Eintritt. Tickets gibt es \u00fcber den Chor, in der Buchhandlung Prien (bis einschlie\u00dflich 18.9.) oder an der Abendkasse zu kaufen.<br \/>\n #havenkirche #christusundgarnisonkirchewilhelmshaven #WHVVibeFestival #Festival2024 #lutherkirche #christusundgarnisonkirche #wilhelmshaven #kircheammeer #kircheoldenburg #lutherkirchewhv #heppenserkirche<br \/>\nHAVENKIRCHE@FB<br \/>\n<a href=\"https:\/\/www.facebook.com\/396185572708352\/posts\/832133329113572\" target=\"_blank\" rel=\"noopener\">Sommerkonzert mit The Tw\u00c4ng<br \/>\nThe Tw\u00c4ng, der Wilhelmshavener Popchor l\u00e4dt ein zum poppigen Sommerkonzert in der Christus- und Garnisonkirche am Sonntag, 22. September um 18 Uhr. The Tw\u00c4ng ist ein lokalans\u00e4ssiger Popchor, dessen Mitglieder aus Wilhelmshaven und Jever kommen. Der Chor wurde Ende 2018 von der Chorleiterin Anna-Rabea Pacheco gegr\u00fcndet und konzertiert seit 2022 \u00f6ffentlich. Das Repertoire des Chores besteht in erster Linie aus Pop- und Musicalsongs, darunter Hits wie \u201eEasy on me\u201c, \u201eThis is me\u201c, \u201eTrue Colors\u201c und \u201eDon&#039;t stop me now. Begleitet wird der Chor von Jorge Luis Pacheco (Klavier), Hendrik Ohlhoff (Gitarre) und Malte Bischoff (Schlagzeug).<br \/>\nDer Eintritt f\u00fcr das Konzert betr\u00e4gt 5\u20ac, Kinder bis 12J. zahlen keinen Eintritt. Tickets gibt es \u00fcber den Chor, in der Buchhandlung Prien (bis einschlie\u00dflich 18.9.) oder an der Abendkasse zu kaufen.<br \/>\n #havenkirche #christusundgarnisonkirchewilhelmshaven #WHVVibeFestival #Festival2024 #lutherkirche #christusundgarnisonkirche #wilhelmshaven #kircheammeer #kircheoldenburg #lutherkirchewhv #heppenserkirche<\/a><\/p>\n","protected":false},"excerpt":{"rendered":"<p>Sommerkonzert mit The Tw\u00c4ng The Tw\u00c4ng, der Wilhelmshavener Popchor l\u00e4dt ein zum poppigen Sommerkonzert in der Christus- und Garnisonkirche am Sonntag, 22. September um 18 Uhr. The Tw\u00c4ng ist ein lokalans\u00e4ssiger Popchor, dessen Mitglieder aus Wilhelmshaven und Jever kommen. Der Chor wurde Ende 2018 von der Chorleiterin Anna-Rabea Pacheco gegr\u00fcndet und konzertiert seit 2022 \u00f6ffentlich. Das Repertoire des Chores besteht in erster Linie aus Pop- und Musicalsongs, darunter Hits wie \u201eEasy on me\u201c, \u201eThis is me\u201c, \u201eTrue Colors\u201c und \u201eDon&#8217;t stop me now. Begleitet wird der Chor von Jorge Luis Pacheco (Klavier), Hendrik Ohlhoff (Gitarre) und Malte Bischoff (Schlagzeug). Der&#8230;<\/p>\n","protected":false},"author":6,"featured_media":0,"comment_status":"false","ping_status":"open","sticky":false,"template":"","format":"standard","meta":{"footnotes":""},"categories":[75],"tags":[76],"class_list":["post-27369","post","type-post","status-publish","format-standard","hentry","category-havenkirche","tag-havenkirche"],"_links":{"self":[{"href":"https:\/\/christusnews.de\/site\/wp-json\/wp\/v2\/posts\/27369","targetHints":{"allow":["GET"]}}],"collection":[{"href":"https:\/\/christusnews.de\/site\/wp-json\/wp\/v2\/posts"}],"about":[{"href":"https:\/\/christusnews.de\/site\/wp-json\/wp\/v2\/types\/post"}],"author":[{"embeddable":true,"href":"https:\/\/christusnews.de\/site\/wp-json\/wp\/v2\/users\/6"}],"replies":[{"embeddable":true,"href":"https:\/\/christusnews.de\/site\/wp-json\/wp\/v2\/comments?post=27369"}],"version-history":[{"count":1,"href":"https:\/\/christusnews.de\/site\/wp-json\/wp\/v2\/posts\/27369\/revisions"}],"predecessor-version":[{"id":27370,"href":"https:\/\/christusnews.de\/site\/wp-json\/wp\/v2\/posts\/27369\/revisions\/27370"}],"wp:attachment":[{"href":"https:\/\/christusnews.de\/site\/wp-json\/wp\/v2\/media?parent=27369"}],"wp:term":[{"taxonomy":"category","embeddable":true,"href":"https:\/\/christusnews.de\/site\/wp-json\/wp\/v2\/categories?post=27369"},{"taxonomy":"post_tag","embeddable":true,"href":"https:\/\/christusnews.de\/site\/wp-json\/wp\/v2\/tags?post=27369"}],"curies":[{"name":"wp","href":"https:\/\/api.w.org\/{rel}","templated":true}]}}