{"id":27388,"date":"2024-10-07T18:30:07","date_gmt":"2024-10-07T16:30:07","guid":{"rendered":"https:\/\/christusnews.de\/site\/abendklang-am-13-oktober-mit-dem-gitarristen-klaus-wladarrecuerdos-de-la-alhambra-zauber-der-klassischen-gitarrein-der-christus-und-garnisonkirche-findet-mit-dem-gitarristen-k\/"},"modified":"2024-10-07T23:17:22","modified_gmt":"2024-10-07T21:17:22","slug":"abendklang-am-13-oktober-mit-dem-gitarristen-klaus-wladarrecuerdos-de-la-alhambra-zauber-der-klassischen-gitarrein-der-christus-und-garnisonkirche-findet-mit-dem-gitarristen-k","status":"publish","type":"post","link":"https:\/\/christusnews.de\/site\/abendklang-am-13-oktober-mit-dem-gitarristen-klaus-wladarrecuerdos-de-la-alhambra-zauber-der-klassischen-gitarrein-der-christus-und-garnisonkirche-findet-mit-dem-gitarristen-k\/","title":{"rendered":"Abendklang am 13. Oktober mit dem Gitarristen Klaus Wladar\n\u201eRecuerdos de la Alhambra &#8211; Zauber der klassischen Gitarre\u201d\n\nIn der Christus- und Garnisonkirche findet mit dem Gitarristen Klaus Wladar der n\u00e4chste Abendklang am 13. Oktober statt. Der Abend hat die \u00dcberschrift: \u201eRecuerdos de la Alhambra &#8211; Zauber der klassischen Gitarre\u201d. Die Zuh\u00f6rer erwartet an diesem Abend ein virtuoser Klangreigen mit allem was die klassische Gitarre mit ihrem Zauber zu bieten hat! Feurige spanische Klassiker sind an diesem Abend ebenso zu h\u00f6ren wie argentinische Tangos. Crossover Hits komplettieren dieses abwechslungsreiche Programm. Das alles pr\u00e4sentiert Klaus Wladar auf seiner klassischen Gitarre, unverst\u00e4rkt und pur!\nDer aus Wien stammende Gitarrist, der in der ganzen Welt Konzerte gibt, ist mehrfacher Preistr\u00e4ger internationaler Gitarrenwettbewerbe und unterrichtet am Leopold-Mozart-College of Music der Universit\u00e4t Augsburg eine Gitarrenklasse. \nDer Abendklang ist in Corona Zeiten entstanden und bietet MusikerInnen eine Plattform, um ihre Kunst zu pr\u00e4sentieren, Unterbrochen mit einem kurzen inhaltlichen Impuls und abgeschlossen mit einem Segen dauert der Abendklang nicht mehr als 40min. Der Eintritt ist frei, um eine Kollekte wird gebeten. \n#abendklang #chriustusundgarnisonkirche\n#heppenserkirche #klauswladar #kircheammeer"},"content":{"rendered":"<p>Abendklang am 13. Oktober mit dem Gitarristen Klaus Wladar<br \/>\n\u201eRecuerdos de la Alhambra &#8211; Zauber der klassischen Gitarre\u201d<\/p>\n<p>In der Christus- und Garnisonkirche findet mit dem Gitarristen Klaus Wladar der n\u00e4chste Abendklang am 13. Oktober statt. Der Abend hat die \u00dcberschrift: \u201eRecuerdos de la Alhambra &#8211; Zauber der klassischen Gitarre\u201d. Die Zuh\u00f6rer erwartet an diesem Abend ein virtuoser Klangreigen mit allem was die klassische Gitarre mit ihrem Zauber zu bieten hat! Feurige spanische Klassiker sind an diesem Abend ebenso zu h\u00f6ren wie argentinische Tangos. Crossover Hits komplettieren dieses abwechslungsreiche Programm. Das alles pr\u00e4sentiert Klaus Wladar auf seiner klassischen Gitarre, unverst\u00e4rkt und pur!<br \/>\nDer aus Wien stammende Gitarrist, der in der ganzen Welt Konzerte gibt, ist mehrfacher Preistr\u00e4ger internationaler Gitarrenwettbewerbe und unterrichtet am Leopold-Mozart-College of Music der Universit\u00e4t Augsburg eine Gitarrenklasse.<br \/>\nDer Abendklang ist in Corona Zeiten entstanden und bietet MusikerInnen eine Plattform, um ihre Kunst zu pr\u00e4sentieren, Unterbrochen mit einem kurzen inhaltlichen Impuls und abgeschlossen mit einem Segen dauert der Abendklang nicht mehr als 40min. Der Eintritt ist frei, um eine Kollekte wird gebeten.<br \/>\n#abendklang #chriustusundgarnisonkirche<br \/>\n#heppenserkirche #klauswladar #kircheammeer<br \/>\nHAVENKIRCHE@FB<br \/>\n<a href=\"https:\/\/www.facebook.com\/396185572708352\/posts\/845994591060779\" target=\"_blank\" rel=\"noopener\">Abendklang am 13. Oktober mit dem Gitarristen Klaus Wladar<br \/>\n\u201eRecuerdos de la Alhambra &#8211; Zauber der klassischen Gitarre\u201d<\/p>\n<p>In der Christus- und Garnisonkirche findet mit dem Gitarristen Klaus Wladar der n\u00e4chste Abendklang am 13. Oktober statt. Der Abend hat die \u00dcberschrift: \u201eRecuerdos de la Alhambra &#8211; Zauber der klassischen Gitarre\u201d. Die Zuh\u00f6rer erwartet an diesem Abend ein virtuoser Klangreigen mit allem was die klassische Gitarre mit ihrem Zauber zu bieten hat! Feurige spanische Klassiker sind an diesem Abend ebenso zu h\u00f6ren wie argentinische Tangos. Crossover Hits komplettieren dieses abwechslungsreiche Programm. Das alles pr\u00e4sentiert Klaus Wladar auf seiner klassischen Gitarre, unverst\u00e4rkt und pur!<br \/>\nDer aus Wien stammende Gitarrist, der in der ganzen Welt Konzerte gibt, ist mehrfacher Preistr\u00e4ger internationaler Gitarrenwettbewerbe und unterrichtet am Leopold-Mozart-College of Music der Universit\u00e4t Augsburg eine Gitarrenklasse.<br \/>\nDer Abendklang ist in Corona Zeiten entstanden und bietet MusikerInnen eine Plattform, um ihre Kunst zu pr\u00e4sentieren, Unterbrochen mit einem kurzen inhaltlichen Impuls und abgeschlossen mit einem Segen dauert der Abendklang nicht mehr als 40min. Der Eintritt ist frei, um eine Kollekte wird gebeten.<br \/>\n#abendklang #chriustusundgarnisonkirche<br \/>\n#heppenserkirche #klauswladar #kircheammeer<\/a><\/p>\n","protected":false},"excerpt":{"rendered":"<p>Abendklang am 13. Oktober mit dem Gitarristen Klaus Wladar \u201eRecuerdos de la Alhambra &#8211; Zauber der klassischen Gitarre\u201d In der Christus- und Garnisonkirche findet mit dem Gitarristen Klaus Wladar der n\u00e4chste Abendklang am 13. Oktober statt. Der Abend hat die \u00dcberschrift: \u201eRecuerdos de la Alhambra &#8211; Zauber der klassischen Gitarre\u201d. Die Zuh\u00f6rer erwartet an diesem Abend ein virtuoser Klangreigen mit allem was die klassische Gitarre mit ihrem Zauber zu bieten hat! Feurige spanische Klassiker sind an diesem Abend ebenso zu h\u00f6ren wie argentinische Tangos. Crossover Hits komplettieren dieses abwechslungsreiche Programm. Das alles pr\u00e4sentiert Klaus Wladar auf seiner klassischen Gitarre, unverst\u00e4rkt&#8230;<\/p>\n","protected":false},"author":6,"featured_media":0,"comment_status":"false","ping_status":"open","sticky":false,"template":"","format":"standard","meta":{"footnotes":""},"categories":[75],"tags":[76],"class_list":["post-27388","post","type-post","status-publish","format-standard","hentry","category-havenkirche","tag-havenkirche"],"_links":{"self":[{"href":"https:\/\/christusnews.de\/site\/wp-json\/wp\/v2\/posts\/27388","targetHints":{"allow":["GET"]}}],"collection":[{"href":"https:\/\/christusnews.de\/site\/wp-json\/wp\/v2\/posts"}],"about":[{"href":"https:\/\/christusnews.de\/site\/wp-json\/wp\/v2\/types\/post"}],"author":[{"embeddable":true,"href":"https:\/\/christusnews.de\/site\/wp-json\/wp\/v2\/users\/6"}],"replies":[{"embeddable":true,"href":"https:\/\/christusnews.de\/site\/wp-json\/wp\/v2\/comments?post=27388"}],"version-history":[{"count":1,"href":"https:\/\/christusnews.de\/site\/wp-json\/wp\/v2\/posts\/27388\/revisions"}],"predecessor-version":[{"id":27389,"href":"https:\/\/christusnews.de\/site\/wp-json\/wp\/v2\/posts\/27388\/revisions\/27389"}],"wp:attachment":[{"href":"https:\/\/christusnews.de\/site\/wp-json\/wp\/v2\/media?parent=27388"}],"wp:term":[{"taxonomy":"category","embeddable":true,"href":"https:\/\/christusnews.de\/site\/wp-json\/wp\/v2\/categories?post=27388"},{"taxonomy":"post_tag","embeddable":true,"href":"https:\/\/christusnews.de\/site\/wp-json\/wp\/v2\/tags?post=27388"}],"curies":[{"name":"wp","href":"https:\/\/api.w.org\/{rel}","templated":true}]}}