{"id":27414,"date":"2024-10-23T08:39:02","date_gmt":"2024-10-23T06:39:02","guid":{"rendered":"https:\/\/christusnews.de\/site\/?p=27414"},"modified":"2024-10-23T08:39:03","modified_gmt":"2024-10-23T06:39:03","slug":"abendklang-mit-florian-bargen-2","status":"publish","type":"post","link":"https:\/\/christusnews.de\/site\/abendklang-mit-florian-bargen-2\/","title":{"rendered":"Abendklang mit Florian Bargen"},"content":{"rendered":"\n<p><strong>Abendklang mit Florian Bargen<br><\/strong>Der n\u00e4chste Abendklang findet am 27. Oktober um\u00a0 18 Uhr in der Christus- und Garnisonkirche mit Florian Bargen statt. Die Orgel ist und bleibt die K\u00f6nigin der Instrumente. Florian Bargen spielt bei diesem Abendklang seine Lieblingsmusik, die ihn zur Orgel gebracht hat. Die Orgel mal von einer ganz anderen Seite. Franz\u00f6sische symphonische Orgelmusik der Romantik (ab ca. 1860) und Sp\u00e4tromantik (ab ca. 1890). Im zweiten Teil folgen Bearbeitungen aus Pop- und Rockmusik. <em>Ein Abendklang zum Genie\u00dfen. Der Eintritt ist frei, um eine Kollekte wird gebeten.<\/em><\/p>\n","protected":false},"excerpt":{"rendered":"<p>Abendklang mit Florian BargenDer n\u00e4chste Abendklang findet am 27. Oktober um\u00a0 18 Uhr in der Christus- und Garnisonkirche mit Florian Bargen statt. Die Orgel ist und bleibt die K\u00f6nigin der Instrumente. Florian Bargen spielt bei diesem Abendklang seine Lieblingsmusik, die ihn zur Orgel gebracht hat. Die Orgel mal von einer ganz anderen Seite. Franz\u00f6sische symphonische Orgelmusik der Romantik (ab ca. 1860) und Sp\u00e4tromantik (ab ca. 1890). Im zweiten Teil folgen Bearbeitungen aus Pop- und Rockmusik. Ein Abendklang zum Genie\u00dfen. Der Eintritt ist frei, um eine Kollekte wird gebeten.<\/p>\n","protected":false},"author":2,"featured_media":27412,"comment_status":"closed","ping_status":"open","sticky":false,"template":"","format":"standard","meta":{"footnotes":""},"categories":[1],"tags":[],"class_list":["post-27414","post","type-post","status-publish","format-standard","has-post-thumbnail","hentry","category-gemeinde"],"_links":{"self":[{"href":"https:\/\/christusnews.de\/site\/wp-json\/wp\/v2\/posts\/27414","targetHints":{"allow":["GET"]}}],"collection":[{"href":"https:\/\/christusnews.de\/site\/wp-json\/wp\/v2\/posts"}],"about":[{"href":"https:\/\/christusnews.de\/site\/wp-json\/wp\/v2\/types\/post"}],"author":[{"embeddable":true,"href":"https:\/\/christusnews.de\/site\/wp-json\/wp\/v2\/users\/2"}],"replies":[{"embeddable":true,"href":"https:\/\/christusnews.de\/site\/wp-json\/wp\/v2\/comments?post=27414"}],"version-history":[{"count":1,"href":"https:\/\/christusnews.de\/site\/wp-json\/wp\/v2\/posts\/27414\/revisions"}],"predecessor-version":[{"id":27415,"href":"https:\/\/christusnews.de\/site\/wp-json\/wp\/v2\/posts\/27414\/revisions\/27415"}],"wp:featuredmedia":[{"embeddable":true,"href":"https:\/\/christusnews.de\/site\/wp-json\/wp\/v2\/media\/27412"}],"wp:attachment":[{"href":"https:\/\/christusnews.de\/site\/wp-json\/wp\/v2\/media?parent=27414"}],"wp:term":[{"taxonomy":"category","embeddable":true,"href":"https:\/\/christusnews.de\/site\/wp-json\/wp\/v2\/categories?post=27414"},{"taxonomy":"post_tag","embeddable":true,"href":"https:\/\/christusnews.de\/site\/wp-json\/wp\/v2\/tags?post=27414"}],"curies":[{"name":"wp","href":"https:\/\/api.w.org\/{rel}","templated":true}]}}