{"id":27422,"date":"2024-10-29T18:13:21","date_gmt":"2024-10-29T17:13:21","guid":{"rendered":"https:\/\/christusnews.de\/site\/am-31-oktober-ist-reformationsfestfeiertag-in-allen-norddeutschen-bundeslaendern-martin-luther-haemmert-am-31-10-1517-seine-95-thesen-an-die-tuer-der-schlosskirche-zu-wittenberg-und-loest-damit-g\/"},"modified":"2024-10-29T22:17:20","modified_gmt":"2024-10-29T21:17:20","slug":"am-31-oktober-ist-reformationsfestfeiertag-in-allen-norddeutschen-bundeslaendern-martin-luther-haemmert-am-31-10-1517-seine-95-thesen-an-die-tuer-der-schlosskirche-zu-wittenberg-und-loest-damit-g","status":"publish","type":"post","link":"https:\/\/christusnews.de\/site\/am-31-oktober-ist-reformationsfestfeiertag-in-allen-norddeutschen-bundeslaendern-martin-luther-haemmert-am-31-10-1517-seine-95-thesen-an-die-tuer-der-schlosskirche-zu-wittenberg-und-loest-damit-g\/","title":{"rendered":"Am 31. Oktober ist Reformationsfest,\n\nFeiertag in allen norddeutschen Bundesl\u00e4ndern.\nMartin Luther h\u00e4mmert am 31.10.1517 seine 95 Thesen an die T\u00fcr der Schlosskirche zu Wittenberg und l\u00f6st damit gro\u00dfe Ver\u00e4nderungen in Kirche, Gesellschaft und Politik aus.\nVer\u00e4nderungen, die unsere Gesellschaft bis heute pr\u00e4gen.\nWie k\u00f6nnen wir die Demokratie st\u00e4rken?\nDiese Fragestellung nehmen die Kirchen in diesem Jahr in den Blick.\n\nDie Evangelischen Gemeinden laden zu Gottesdiensten und Veranstaltungen ein.\n\n&quot;Federleicht&quot; &#8211; Abendstille in der Heppenser Kirche\nDas meditative Angebot zum Reformationfest.\nMittwoch, 30. Oktober um 19.00 Uhr Heppenser Kirche\nanschlie\u00dfend Umtrunk im Gemeindehaus\n\n&quot;Gl\u00fcckselig&quot; &#8211; Festgottesdienst der Evangelischen Gemeinden WHV-S\u00fcd.\nDonnerstag, 31.Oktober um 10.00 Uhr Lutherkirche Brommystr. 75\n\n&quot;Reformation neu feiern: Demokratie st\u00e4rken&quot;\nAndacht &#8211; Podium &#8211; Gespr\u00e4ch\n\u00d6kumenische Festveranstaltung\n31. Oktober um 18.00 Uhr\nFranziskusschule Mitscherlichstr. 23\n\nmit den Bisch\u00f6fen Adomeit (ev.luth) und Theising (kath.).\nAuf dem Podium: Rahel Kordecki (Jugendtreff Hafen 84), Claudia Lehnort (Ev.Familienbildungsst\u00e4tte), OB Carsten Feist.\nModeration Carola Schede, Musik Dekanatsmusiker Robert Pernpeitner\n\n#reformationfeiern #luther #demokratiest\u00e4rken #abendstille #havenkirche #kircheoldenburg #kircheammeer #reformation"},"content":{"rendered":"<p>Am 31. Oktober ist Reformationsfest,<\/p>\n<p>Feiertag in allen norddeutschen Bundesl\u00e4ndern.<br \/>\nMartin Luther h\u00e4mmert am 31.10.1517 seine 95 Thesen an die T\u00fcr der Schlosskirche zu Wittenberg und l\u00f6st damit gro\u00dfe Ver\u00e4nderungen in Kirche, Gesellschaft und Politik aus.<br \/>\nVer\u00e4nderungen, die unsere Gesellschaft bis heute pr\u00e4gen.<br \/>\nWie k\u00f6nnen wir die Demokratie st\u00e4rken?<br \/>\nDiese Fragestellung nehmen die Kirchen in diesem Jahr in den Blick.<\/p>\n<p>Die Evangelischen Gemeinden laden zu Gottesdiensten und Veranstaltungen ein.<\/p>\n<p>&#8220;Federleicht&#8221; &#8211; Abendstille in der Heppenser Kirche<br \/>\nDas meditative Angebot zum Reformationfest.<br \/>\nMittwoch, 30. Oktober um 19.00 Uhr Heppenser Kirche<br \/>\nanschlie\u00dfend Umtrunk im Gemeindehaus<\/p>\n<p>&#8220;Gl\u00fcckselig&#8221; &#8211; Festgottesdienst der Evangelischen Gemeinden WHV-S\u00fcd.<br \/>\nDonnerstag, 31.Oktober um 10.00 Uhr Lutherkirche Brommystr. 75<\/p>\n<p>&#8220;Reformation neu feiern: Demokratie st\u00e4rken&#8221;<br \/>\nAndacht &#8211; Podium &#8211; Gespr\u00e4ch<br \/>\n\u00d6kumenische Festveranstaltung<br \/>\n31. Oktober um 18.00 Uhr<br \/>\nFranziskusschule Mitscherlichstr. 23<\/p>\n<p>mit den Bisch\u00f6fen Adomeit (ev.luth) und Theising (kath.).<br \/>\nAuf dem Podium: Rahel Kordecki (Jugendtreff Hafen 84), Claudia Lehnort (Ev.Familienbildungsst\u00e4tte), OB Carsten Feist.<br \/>\nModeration Carola Schede, Musik Dekanatsmusiker Robert Pernpeitner<\/p>\n<p>#reformationfeiern #luther #demokratiest\u00e4rken #abendstille #havenkirche #kircheoldenburg #kircheammeer #reformation<br \/>\nHAVENKIRCHE@FB<br \/>\n<a href=\"https:\/\/www.facebook.com\/396185572708352\/posts\/862094542784117\" target=\"_blank\" rel=\"noopener\">Am 31. Oktober ist Reformationsfest,<\/p>\n<p>Feiertag in allen norddeutschen Bundesl\u00e4ndern.<br \/>\nMartin Luther h\u00e4mmert am 31.10.1517 seine 95 Thesen an die T\u00fcr der Schlosskirche zu Wittenberg und l\u00f6st damit gro\u00dfe Ver\u00e4nderungen in Kirche, Gesellschaft und Politik aus.<br \/>\nVer\u00e4nderungen, die unsere Gesellschaft bis heute pr\u00e4gen.<br \/>\nWie k\u00f6nnen wir die Demokratie st\u00e4rken?<br \/>\nDiese Fragestellung nehmen die Kirchen in diesem Jahr in den Blick.<\/p>\n<p>Die Evangelischen Gemeinden laden zu Gottesdiensten und Veranstaltungen ein.<\/p>\n<p>&quot;Federleicht&quot; &#8211; Abendstille in der Heppenser Kirche<br \/>\nDas meditative Angebot zum Reformationfest.<br \/>\nMittwoch, 30. Oktober um 19.00 Uhr Heppenser Kirche<br \/>\nanschlie\u00dfend Umtrunk im Gemeindehaus<\/p>\n<p>&quot;Gl\u00fcckselig&quot; &#8211; Festgottesdienst der Evangelischen Gemeinden WHV-S\u00fcd.<br \/>\nDonnerstag, 31.Oktober um 10.00 Uhr Lutherkirche Brommystr. 75<\/p>\n<p>&quot;Reformation neu feiern: Demokratie st\u00e4rken&quot;<br \/>\nAndacht &#8211; Podium &#8211; Gespr\u00e4ch<br \/>\n\u00d6kumenische Festveranstaltung<br \/>\n31. Oktober um 18.00 Uhr<br \/>\nFranziskusschule Mitscherlichstr. 23<\/p>\n<p>mit den Bisch\u00f6fen Adomeit (ev.luth) und Theising (kath.).<br \/>\nAuf dem Podium: Rahel Kordecki (Jugendtreff Hafen 84), Claudia Lehnort (Ev.Familienbildungsst\u00e4tte), OB Carsten Feist.<br \/>\nModeration Carola Schede, Musik Dekanatsmusiker Robert Pernpeitner<\/p>\n<p>#reformationfeiern #luther #demokratiest\u00e4rken #abendstille #havenkirche #kircheoldenburg #kircheammeer #reformation<\/a><\/p>\n","protected":false},"excerpt":{"rendered":"<p>Am 31. Oktober ist Reformationsfest, Feiertag in allen norddeutschen Bundesl\u00e4ndern. Martin Luther h\u00e4mmert am 31.10.1517 seine 95 Thesen an die T\u00fcr der Schlosskirche zu Wittenberg und l\u00f6st damit gro\u00dfe Ver\u00e4nderungen in Kirche, Gesellschaft und Politik aus. Ver\u00e4nderungen, die unsere Gesellschaft bis heute pr\u00e4gen. Wie k\u00f6nnen wir die Demokratie st\u00e4rken? Diese Fragestellung nehmen die Kirchen in diesem Jahr in den Blick. Die Evangelischen Gemeinden laden zu Gottesdiensten und Veranstaltungen ein. &#8220;Federleicht&#8221; &#8211; Abendstille in der Heppenser Kirche Das meditative Angebot zum Reformationfest. Mittwoch, 30. Oktober um 19.00 Uhr Heppenser Kirche anschlie\u00dfend Umtrunk im Gemeindehaus &#8220;Gl\u00fcckselig&#8221; &#8211; Festgottesdienst der Evangelischen Gemeinden WHV-S\u00fcd&#8230;.<\/p>\n","protected":false},"author":6,"featured_media":0,"comment_status":"false","ping_status":"open","sticky":false,"template":"","format":"standard","meta":{"footnotes":""},"categories":[75],"tags":[76],"class_list":["post-27422","post","type-post","status-publish","format-standard","hentry","category-havenkirche","tag-havenkirche"],"_links":{"self":[{"href":"https:\/\/christusnews.de\/site\/wp-json\/wp\/v2\/posts\/27422","targetHints":{"allow":["GET"]}}],"collection":[{"href":"https:\/\/christusnews.de\/site\/wp-json\/wp\/v2\/posts"}],"about":[{"href":"https:\/\/christusnews.de\/site\/wp-json\/wp\/v2\/types\/post"}],"author":[{"embeddable":true,"href":"https:\/\/christusnews.de\/site\/wp-json\/wp\/v2\/users\/6"}],"replies":[{"embeddable":true,"href":"https:\/\/christusnews.de\/site\/wp-json\/wp\/v2\/comments?post=27422"}],"version-history":[{"count":1,"href":"https:\/\/christusnews.de\/site\/wp-json\/wp\/v2\/posts\/27422\/revisions"}],"predecessor-version":[{"id":27423,"href":"https:\/\/christusnews.de\/site\/wp-json\/wp\/v2\/posts\/27422\/revisions\/27423"}],"wp:attachment":[{"href":"https:\/\/christusnews.de\/site\/wp-json\/wp\/v2\/media?parent=27422"}],"wp:term":[{"taxonomy":"category","embeddable":true,"href":"https:\/\/christusnews.de\/site\/wp-json\/wp\/v2\/categories?post=27422"},{"taxonomy":"post_tag","embeddable":true,"href":"https:\/\/christusnews.de\/site\/wp-json\/wp\/v2\/tags?post=27422"}],"curies":[{"name":"wp","href":"https:\/\/api.w.org\/{rel}","templated":true}]}}