{"id":27430,"date":"2024-11-04T17:46:05","date_gmt":"2024-11-04T16:46:05","guid":{"rendered":"https:\/\/christusnews.de\/site\/zwischen-4-und-23-minuten-lang-sind-die-filme-die-bei-unserem-kurzfilmabend-zum-thema-abschied-und-tod-gezeigt-werden-es-sind-ganz-unterschiedliche-bilder-und-geschichten-weil-wir-menschen-so-versc\/"},"modified":"2024-11-04T22:18:09","modified_gmt":"2024-11-04T21:18:09","slug":"zwischen-4-und-23-minuten-lang-sind-die-filme-die-bei-unserem-kurzfilmabend-zum-thema-abschied-und-tod-gezeigt-werden-es-sind-ganz-unterschiedliche-bilder-und-geschichten-weil-wir-menschen-so-versc","status":"publish","type":"post","link":"https:\/\/christusnews.de\/site\/zwischen-4-und-23-minuten-lang-sind-die-filme-die-bei-unserem-kurzfilmabend-zum-thema-abschied-und-tod-gezeigt-werden-es-sind-ganz-unterschiedliche-bilder-und-geschichten-weil-wir-menschen-so-versc\/","title":{"rendered":"Zwischen 4 und 23 Minuten lang sind die Filme, die bei unserem Kurzfilmabend zum Thema Abschied und Tod gezeigt werden. Es sind ganz unterschiedliche Bilder und Geschichten. Weil wir Menschen so verschieden sind. Und die Art wie wir trauern auch.\n\nDanke an die Medienstelle der Oldenburgischen Kirche, die diesen Abend im Rahmen unseres Themenmonats &quot;Ohne Dich&quot; veranstaltet! \n\nEingeladen sind Haupt- und Ehrenamtliche aus der Arbeit mit Kindern und Jugendlichen, sowie alle anderen Interessierten. Der Eintritt ist frei, es gibt eine Pause mit Snacks und Getr\u00e4nken. Andr\u00e9 Medeke von der Medienstelle gibt eine kurze Einf\u00fchrung und steht f\u00fcr R\u00fcckfragen zur Verf\u00fcgung."},"content":{"rendered":"<p>Zwischen 4 und 23 Minuten lang sind die Filme, die bei unserem Kurzfilmabend zum Thema Abschied und Tod gezeigt werden. Es sind ganz unterschiedliche Bilder und Geschichten. Weil wir Menschen so verschieden sind. Und die Art wie wir trauern auch.<\/p>\n<p>Danke an die Medienstelle der Oldenburgischen Kirche, die diesen Abend im Rahmen unseres Themenmonats &#8220;Ohne Dich&#8221; veranstaltet! <\/p>\n<p>Eingeladen sind Haupt- und Ehrenamtliche aus der Arbeit mit Kindern und Jugendlichen, sowie alle anderen Interessierten. Der Eintritt ist frei, es gibt eine Pause mit Snacks und Getr\u00e4nken. Andr\u00e9 Medeke von der Medienstelle gibt eine kurze Einf\u00fchrung und steht f\u00fcr R\u00fcckfragen zur Verf\u00fcgung.<br \/>\nHAVENKIRCHE@FB<br \/>\n<a href=\"https:\/\/www.facebook.com\/396185572708352\/posts\/866301215696783\" target=\"_blank\" rel=\"noopener\">Zwischen 4 und 23 Minuten lang sind die Filme, die bei unserem Kurzfilmabend zum Thema Abschied und Tod gezeigt werden. Es sind ganz unterschiedliche Bilder und Geschichten. Weil wir Menschen so verschieden sind. Und die Art wie wir trauern auch.<\/p>\n<p>Danke an die Medienstelle der Oldenburgischen Kirche, die diesen Abend im Rahmen unseres Themenmonats &quot;Ohne Dich&quot; veranstaltet! <\/p>\n<p>Eingeladen sind Haupt- und Ehrenamtliche aus der Arbeit mit Kindern und Jugendlichen, sowie alle anderen Interessierten. Der Eintritt ist frei, es gibt eine Pause mit Snacks und Getr\u00e4nken. Andr\u00e9 Medeke von der Medienstelle gibt eine kurze Einf\u00fchrung und steht f\u00fcr R\u00fcckfragen zur Verf\u00fcgung.<\/a><\/p>\n","protected":false},"excerpt":{"rendered":"<p>Zwischen 4 und 23 Minuten lang sind die Filme, die bei unserem Kurzfilmabend zum Thema Abschied und Tod gezeigt werden. Es sind ganz unterschiedliche Bilder und Geschichten. Weil wir Menschen so verschieden sind. Und die Art wie wir trauern auch. Danke an die Medienstelle der Oldenburgischen Kirche, die diesen Abend im Rahmen unseres Themenmonats &#8220;Ohne Dich&#8221; veranstaltet! Eingeladen sind Haupt- und Ehrenamtliche aus der Arbeit mit Kindern und Jugendlichen, sowie alle anderen Interessierten. Der Eintritt ist frei, es gibt eine Pause mit Snacks und Getr\u00e4nken. Andr\u00e9 Medeke von der Medienstelle gibt eine kurze Einf\u00fchrung und steht f\u00fcr R\u00fcckfragen zur Verf\u00fcgung&#8230;.<\/p>\n","protected":false},"author":6,"featured_media":0,"comment_status":"false","ping_status":"open","sticky":false,"template":"","format":"standard","meta":{"footnotes":""},"categories":[75],"tags":[76],"class_list":["post-27430","post","type-post","status-publish","format-standard","hentry","category-havenkirche","tag-havenkirche"],"_links":{"self":[{"href":"https:\/\/christusnews.de\/site\/wp-json\/wp\/v2\/posts\/27430","targetHints":{"allow":["GET"]}}],"collection":[{"href":"https:\/\/christusnews.de\/site\/wp-json\/wp\/v2\/posts"}],"about":[{"href":"https:\/\/christusnews.de\/site\/wp-json\/wp\/v2\/types\/post"}],"author":[{"embeddable":true,"href":"https:\/\/christusnews.de\/site\/wp-json\/wp\/v2\/users\/6"}],"replies":[{"embeddable":true,"href":"https:\/\/christusnews.de\/site\/wp-json\/wp\/v2\/comments?post=27430"}],"version-history":[{"count":1,"href":"https:\/\/christusnews.de\/site\/wp-json\/wp\/v2\/posts\/27430\/revisions"}],"predecessor-version":[{"id":27431,"href":"https:\/\/christusnews.de\/site\/wp-json\/wp\/v2\/posts\/27430\/revisions\/27431"}],"wp:attachment":[{"href":"https:\/\/christusnews.de\/site\/wp-json\/wp\/v2\/media?parent=27430"}],"wp:term":[{"taxonomy":"category","embeddable":true,"href":"https:\/\/christusnews.de\/site\/wp-json\/wp\/v2\/categories?post=27430"},{"taxonomy":"post_tag","embeddable":true,"href":"https:\/\/christusnews.de\/site\/wp-json\/wp\/v2\/tags?post=27430"}],"curies":[{"name":"wp","href":"https:\/\/api.w.org\/{rel}","templated":true}]}}