{"id":27459,"date":"2024-11-22T16:46:28","date_gmt":"2024-11-22T15:46:28","guid":{"rendered":"https:\/\/christusnews.de\/site\/organisatorische-hinweise-die-kirche-ist-ab-13-45-uhr-geoeffnet-es-wird-sehr-voll-viele-werden-keinen-platz-mehr-in-der-kirche-bekommen-es-gibt-daher-einen-livestreamder-in-der-aula-der-grund\/"},"modified":"2024-11-22T22:17:21","modified_gmt":"2024-11-22T21:17:21","slug":"organisatorische-hinweise-die-kirche-ist-ab-13-45-uhr-geoeffnet-es-wird-sehr-voll-viele-werden-keinen-platz-mehr-in-der-kirche-bekommen-es-gibt-daher-einen-livestreamder-in-der-aula-der-grund","status":"publish","type":"post","link":"https:\/\/christusnews.de\/site\/organisatorische-hinweise-die-kirche-ist-ab-13-45-uhr-geoeffnet-es-wird-sehr-voll-viele-werden-keinen-platz-mehr-in-der-kirche-bekommen-es-gibt-daher-einen-livestreamder-in-der-aula-der-grund\/","title":{"rendered":"Organisatorische Hinweise \n\nDie Kirche ist ab 13.45 Uhr ge\u00f6ffnet. \nEs wird sehr voll.  Viele werden keinen Platz mehr in der Kirche bekommen.\nEs gibt daher einen Livestream,\nder in der Aula der Grundschule Rheinstra\u00dfe \u00fcbertragen wird. \nZugang zum Stream auch \u00fcber folgenden Link: \nhttps:\/\/www.youtube.com\/live\/DlOKLdtW0W8\n\nParken: \nBitte vermeidet die Anreise mit PKW. \nNutzt die umliegenden Parkpl\u00e4tze. \nAuf dem Schulhof der GS Rheinstra\u00dfe gibt es eine begrenzte Anzahl von Parkpl\u00e4tzen. Bitte den Anweisungen der Ordner*innen folgen. \n\nAnschlie\u00dfend Trauer-Caf\u00e9 im Gemeindehaus der CuG-Kirche. Auch dort wird es sehr eng. Wir freuen uns aber, wenn viele noch zusammenkommen. \n\nHerzlich \nHavenkirchen-Team\n\n#havenkirche #kircheammeer #kircheoldenburg"},"content":{"rendered":"<p>Organisatorische Hinweise <\/p>\n<p>Die Kirche ist ab 13.45 Uhr ge\u00f6ffnet.<br \/>\nEs wird sehr voll.  Viele werden keinen Platz mehr in der Kirche bekommen.<br \/>\nEs gibt daher einen Livestream,<br \/>\nder in der Aula der Grundschule Rheinstra\u00dfe \u00fcbertragen wird.<br \/>\nZugang zum Stream auch \u00fcber folgenden Link:<br \/>\n<iframe loading=\"lazy\" title=\"Abschied von Pastor Bernhard Busemann | Livestream\" width=\"770\" height=\"433\" src=\"https:\/\/www.youtube.com\/embed\/DlOKLdtW0W8?feature=oembed\" frameborder=\"0\" allow=\"accelerometer; autoplay; clipboard-write; encrypted-media; gyroscope; picture-in-picture; web-share\" referrerpolicy=\"strict-origin-when-cross-origin\" allowfullscreen><\/iframe><\/p>\n<p>Parken:<br \/>\nBitte vermeidet die Anreise mit PKW.<br \/>\nNutzt die umliegenden Parkpl\u00e4tze.<br \/>\nAuf dem Schulhof der GS Rheinstra\u00dfe gibt es eine begrenzte Anzahl von Parkpl\u00e4tzen. Bitte den Anweisungen der Ordner*innen folgen. <\/p>\n<p>Anschlie\u00dfend Trauer-Caf\u00e9 im Gemeindehaus der CuG-Kirche. Auch dort wird es sehr eng. Wir freuen uns aber, wenn viele noch zusammenkommen. <\/p>\n<p>Herzlich<br \/>\nHavenkirchen-Team<\/p>\n<p>#havenkirche #kircheammeer #kircheoldenburg<br \/>\nHAVENKIRCHE@FB<br \/>\n<a href=\"https:\/\/www.facebook.com\/396185572708352\/posts\/878670164459888\" target=\"_blank\">Organisatorische Hinweise <\/p>\n<p>Die Kirche ist ab 13.45 Uhr ge\u00f6ffnet.<br \/>\nEs wird sehr voll.  Viele werden keinen Platz mehr in der Kirche bekommen.<br \/>\nEs gibt daher einen Livestream,<br \/>\nder in der Aula der Grundschule Rheinstra\u00dfe \u00fcbertragen wird.<br \/>\nZugang zum Stream auch \u00fcber folgenden Link:<br \/>\n<iframe loading=\"lazy\" title=\"Abschied von Pastor Bernhard Busemann | Livestream\" width=\"770\" height=\"433\" src=\"https:\/\/www.youtube.com\/embed\/DlOKLdtW0W8?feature=oembed\" frameborder=\"0\" allow=\"accelerometer; autoplay; clipboard-write; encrypted-media; gyroscope; picture-in-picture; web-share\" referrerpolicy=\"strict-origin-when-cross-origin\" allowfullscreen><\/iframe><\/p>\n<p>Parken:<br \/>\nBitte vermeidet die Anreise mit PKW.<br \/>\nNutzt die umliegenden Parkpl\u00e4tze.<br \/>\nAuf dem Schulhof der GS Rheinstra\u00dfe gibt es eine begrenzte Anzahl von Parkpl\u00e4tzen. Bitte den Anweisungen der Ordner*innen folgen. <\/p>\n<p>Anschlie\u00dfend Trauer-Caf\u00e9 im Gemeindehaus der CuG-Kirche. Auch dort wird es sehr eng. Wir freuen uns aber, wenn viele noch zusammenkommen. <\/p>\n<p>Herzlich<br \/>\nHavenkirchen-Team<\/p>\n<p>#havenkirche #kircheammeer #kircheoldenburg<\/a><\/p>\n","protected":false},"excerpt":{"rendered":"<p>Organisatorische Hinweise Die Kirche ist ab 13.45 Uhr ge\u00f6ffnet. Es wird sehr voll. Viele werden keinen Platz mehr in der Kirche bekommen. Es gibt daher einen Livestream, der in der Aula der Grundschule Rheinstra\u00dfe \u00fcbertragen wird. Zugang zum Stream auch \u00fcber folgenden Link: Parken: Bitte vermeidet die Anreise mit PKW. Nutzt die umliegenden Parkpl\u00e4tze. Auf dem Schulhof der GS Rheinstra\u00dfe gibt es eine begrenzte Anzahl von Parkpl\u00e4tzen. Bitte den Anweisungen der Ordner*innen folgen. Anschlie\u00dfend Trauer-Caf\u00e9 im Gemeindehaus der CuG-Kirche. Auch dort wird es sehr eng. Wir freuen uns aber, wenn viele noch zusammenkommen. Herzlich Havenkirchen-Team #havenkirche #kircheammeer #kircheoldenburg HAVENKIRCHE@FB Organisatorische&#8230;<\/p>\n","protected":false},"author":6,"featured_media":0,"comment_status":"false","ping_status":"open","sticky":false,"template":"","format":"standard","meta":{"footnotes":""},"categories":[75],"tags":[76],"class_list":["post-27459","post","type-post","status-publish","format-standard","hentry","category-havenkirche","tag-havenkirche"],"_links":{"self":[{"href":"https:\/\/christusnews.de\/site\/wp-json\/wp\/v2\/posts\/27459","targetHints":{"allow":["GET"]}}],"collection":[{"href":"https:\/\/christusnews.de\/site\/wp-json\/wp\/v2\/posts"}],"about":[{"href":"https:\/\/christusnews.de\/site\/wp-json\/wp\/v2\/types\/post"}],"author":[{"embeddable":true,"href":"https:\/\/christusnews.de\/site\/wp-json\/wp\/v2\/users\/6"}],"replies":[{"embeddable":true,"href":"https:\/\/christusnews.de\/site\/wp-json\/wp\/v2\/comments?post=27459"}],"version-history":[{"count":1,"href":"https:\/\/christusnews.de\/site\/wp-json\/wp\/v2\/posts\/27459\/revisions"}],"predecessor-version":[{"id":27460,"href":"https:\/\/christusnews.de\/site\/wp-json\/wp\/v2\/posts\/27459\/revisions\/27460"}],"wp:attachment":[{"href":"https:\/\/christusnews.de\/site\/wp-json\/wp\/v2\/media?parent=27459"}],"wp:term":[{"taxonomy":"category","embeddable":true,"href":"https:\/\/christusnews.de\/site\/wp-json\/wp\/v2\/categories?post=27459"},{"taxonomy":"post_tag","embeddable":true,"href":"https:\/\/christusnews.de\/site\/wp-json\/wp\/v2\/tags?post=27459"}],"curies":[{"name":"wp","href":"https:\/\/api.w.org\/{rel}","templated":true}]}}