{"id":27485,"date":"2024-12-15T16:22:59","date_gmt":"2024-12-15T15:22:59","guid":{"rendered":"https:\/\/christusnews.de\/site\/friedenslicht-aktion-der-evangelischen-jugend-pop-up-mobil-der-havenkirche-wir-sind-auf-dem-weihnachtsmarkt-birte-und-matthias-von-der-evangelischen-jugend-verteilen-das-friedenslicht-aus-be\/"},"modified":"2024-12-15T22:17:23","modified_gmt":"2024-12-15T21:17:23","slug":"friedenslicht-aktion-der-evangelischen-jugend-pop-up-mobil-der-havenkirche-wir-sind-auf-dem-weihnachtsmarkt-birte-und-matthias-von-der-evangelischen-jugend-verteilen-das-friedenslicht-aus-be","status":"publish","type":"post","link":"https:\/\/christusnews.de\/site\/friedenslicht-aktion-der-evangelischen-jugend-pop-up-mobil-der-havenkirche-wir-sind-auf-dem-weihnachtsmarkt-birte-und-matthias-von-der-evangelischen-jugend-verteilen-das-friedenslicht-aus-be\/","title":{"rendered":"Friedenslicht Aktion der Evangelischen Jugend &amp; Pop up Mobil der Havenkirche \n\nWir sind auf dem Weihnachtsmarkt. \nBirte und Matthias von der Evangelischen Jugend verteilen das Friedenslicht aus Bethlehem. Jedes Jahr wird am Geburtsort Jesu ein Licht entz\u00fcndet und von dort in alle Welt getragen. Eine weltweite Lichterkette f\u00fcr den Frieden. Auch in Wilhelmshaven kommt es an. Montag ab 17.00 Uhr auf dem Weihnachtsmarkt. \nMusikalisch unterst\u00fctzt von der NAK. \n\nDie Havenkirche kommt mit ihrem Pop up Mobil und baut eine Kreativstation f\u00fcr Kinder auf. Kleine Holz-Krippen k\u00f6nnen gestaltet werden. \n\nAlso kommt am Montag auf den Weihnachtsmarkt. \n17.00 &#8211; 18.30 Uhr an der B\u00fchne. \n\n#evangelischejugend #ejofrieslandwilhelmshaven #havenkirche #friedenslicht"},"content":{"rendered":"<p>Friedenslicht Aktion der Evangelischen Jugend &amp; Pop up Mobil der Havenkirche <\/p>\n<p>Wir sind auf dem Weihnachtsmarkt.<br \/>\nBirte und Matthias von der Evangelischen Jugend verteilen das Friedenslicht aus Bethlehem. Jedes Jahr wird am Geburtsort Jesu ein Licht entz\u00fcndet und von dort in alle Welt getragen. Eine weltweite Lichterkette f\u00fcr den Frieden. Auch in Wilhelmshaven kommt es an. Montag ab 17.00 Uhr auf dem Weihnachtsmarkt.<br \/>\nMusikalisch unterst\u00fctzt von der NAK. <\/p>\n<p>Die Havenkirche kommt mit ihrem Pop up Mobil und baut eine Kreativstation f\u00fcr Kinder auf. Kleine Holz-Krippen k\u00f6nnen gestaltet werden. <\/p>\n<p>Also kommt am Montag auf den Weihnachtsmarkt.<br \/>\n17.00 &#8211; 18.30 Uhr an der B\u00fchne. <\/p>\n<p>#evangelischejugend #ejofrieslandwilhelmshaven #havenkirche #friedenslicht<br \/>\nHAVENKIRCHE@FB<br \/>\n<a href=\"https:\/\/www.facebook.com\/396185572708352\/posts\/894216102905294\" target=\"_blank\">Friedenslicht Aktion der Evangelischen Jugend &amp; Pop up Mobil der Havenkirche <\/p>\n<p>Wir sind auf dem Weihnachtsmarkt.<br \/>\nBirte und Matthias von der Evangelischen Jugend verteilen das Friedenslicht aus Bethlehem. Jedes Jahr wird am Geburtsort Jesu ein Licht entz\u00fcndet und von dort in alle Welt getragen. Eine weltweite Lichterkette f\u00fcr den Frieden. Auch in Wilhelmshaven kommt es an. Montag ab 17.00 Uhr auf dem Weihnachtsmarkt.<br \/>\nMusikalisch unterst\u00fctzt von der NAK. <\/p>\n<p>Die Havenkirche kommt mit ihrem Pop up Mobil und baut eine Kreativstation f\u00fcr Kinder auf. Kleine Holz-Krippen k\u00f6nnen gestaltet werden. <\/p>\n<p>Also kommt am Montag auf den Weihnachtsmarkt.<br \/>\n17.00 &#8211; 18.30 Uhr an der B\u00fchne. <\/p>\n<p>#evangelischejugend #ejofrieslandwilhelmshaven #havenkirche #friedenslicht<\/a><\/p>\n","protected":false},"excerpt":{"rendered":"<p>Friedenslicht Aktion der Evangelischen Jugend &amp; Pop up Mobil der Havenkirche Wir sind auf dem Weihnachtsmarkt. Birte und Matthias von der Evangelischen Jugend verteilen das Friedenslicht aus Bethlehem. Jedes Jahr wird am Geburtsort Jesu ein Licht entz\u00fcndet und von dort in alle Welt getragen. Eine weltweite Lichterkette f\u00fcr den Frieden. Auch in Wilhelmshaven kommt es an. Montag ab 17.00 Uhr auf dem Weihnachtsmarkt. Musikalisch unterst\u00fctzt von der NAK. Die Havenkirche kommt mit ihrem Pop up Mobil und baut eine Kreativstation f\u00fcr Kinder auf. Kleine Holz-Krippen k\u00f6nnen gestaltet werden. Also kommt am Montag auf den Weihnachtsmarkt. 17.00 &#8211; 18.30 Uhr an&#8230;<\/p>\n","protected":false},"author":6,"featured_media":0,"comment_status":"false","ping_status":"open","sticky":false,"template":"","format":"standard","meta":{"footnotes":""},"categories":[75],"tags":[76],"class_list":["post-27485","post","type-post","status-publish","format-standard","hentry","category-havenkirche","tag-havenkirche"],"_links":{"self":[{"href":"https:\/\/christusnews.de\/site\/wp-json\/wp\/v2\/posts\/27485","targetHints":{"allow":["GET"]}}],"collection":[{"href":"https:\/\/christusnews.de\/site\/wp-json\/wp\/v2\/posts"}],"about":[{"href":"https:\/\/christusnews.de\/site\/wp-json\/wp\/v2\/types\/post"}],"author":[{"embeddable":true,"href":"https:\/\/christusnews.de\/site\/wp-json\/wp\/v2\/users\/6"}],"replies":[{"embeddable":true,"href":"https:\/\/christusnews.de\/site\/wp-json\/wp\/v2\/comments?post=27485"}],"version-history":[{"count":1,"href":"https:\/\/christusnews.de\/site\/wp-json\/wp\/v2\/posts\/27485\/revisions"}],"predecessor-version":[{"id":27486,"href":"https:\/\/christusnews.de\/site\/wp-json\/wp\/v2\/posts\/27485\/revisions\/27486"}],"wp:attachment":[{"href":"https:\/\/christusnews.de\/site\/wp-json\/wp\/v2\/media?parent=27485"}],"wp:term":[{"taxonomy":"category","embeddable":true,"href":"https:\/\/christusnews.de\/site\/wp-json\/wp\/v2\/categories?post=27485"},{"taxonomy":"post_tag","embeddable":true,"href":"https:\/\/christusnews.de\/site\/wp-json\/wp\/v2\/tags?post=27485"}],"curies":[{"name":"wp","href":"https:\/\/api.w.org\/{rel}","templated":true}]}}