{"id":27511,"date":"2025-01-09T19:00:16","date_gmt":"2025-01-09T18:00:16","guid":{"rendered":"https:\/\/christusnews.de\/site\/ich-freue-mich-die-neue-staffel-der-abendklaenge-startet-neue-staffel-abendklang-startet-am-sonntag-mit-den-ukrainischen-wilhelmshavenern-sapozhnikov-kanke-abendklang-am-12-januar-um-18-uhr-mit\/"},"modified":"2025-01-09T22:17:33","modified_gmt":"2025-01-09T21:17:33","slug":"ich-freue-mich-die-neue-staffel-der-abendklaenge-startet-neue-staffel-abendklang-startet-am-sonntag-mit-den-ukrainischen-wilhelmshavenern-sapozhnikov-kanke-abendklang-am-12-januar-um-18-uhr-mit","status":"publish","type":"post","link":"https:\/\/christusnews.de\/site\/ich-freue-mich-die-neue-staffel-der-abendklaenge-startet-neue-staffel-abendklang-startet-am-sonntag-mit-den-ukrainischen-wilhelmshavenern-sapozhnikov-kanke-abendklang-am-12-januar-um-18-uhr-mit\/","title":{"rendered":"Ich freue mich, die neue Staffel der Abendkl\u00e4nge startet. \nNeue Staffel Abendklang startet am Sonntag mit den ukrainischen Wilhelmshavenern Sapozhnikov\/ Kanke \nAbendklang am 12. Januar um 18 Uhr mit Yevgeny Sapozhnikov (Cello) und Artem Kanke (Klavier)\nDie Freundschaft zwischen den beiden Musikern begann bereits in Kharkiw. Sie teilten sich im Internat der Spezialmusikschule ein Zim-mer. Schon damals spielten sie die ersten gemeinsamen Kammermu-sikwerke. Seit dem Umzug der Familien im letzten Jahrzehnt in den Norden  entstanden schnell erste Projektideen und die beiden Freun-de musizieren seither wieder regelm\u00e4\u00dfig miteinander. In den letzten Jahren haben sie sich eine feste Fangemeinde erobert. Ein toller Abendklang als Er\u00f6ffnung einer neuen Staffel. Der Eintritt zum Abend-klang ist frei, um eine Kollekte f\u00fcr die Musiker wird gebeten. Wie immer findet der Abendklang in der Christus- und Garnisonkirche statt. \n\n #christusundgarnisonkirche #lutherkirche #havenkirche #abendklang #wilhelmshaven #christusundgarnisonkirchewilhelmshaven #heppenserkirche"},"content":{"rendered":"<p>Ich freue mich, die neue Staffel der Abendkl\u00e4nge startet.<br \/>\nNeue Staffel Abendklang startet am Sonntag mit den ukrainischen Wilhelmshavenern Sapozhnikov\/ Kanke<br \/>\nAbendklang am 12. Januar um 18 Uhr mit Yevgeny Sapozhnikov (Cello) und Artem Kanke (Klavier)<br \/>\nDie Freundschaft zwischen den beiden Musikern begann bereits in Kharkiw. Sie teilten sich im Internat der Spezialmusikschule ein Zim-mer. Schon damals spielten sie die ersten gemeinsamen Kammermu-sikwerke. Seit dem Umzug der Familien im letzten Jahrzehnt in den Norden  entstanden schnell erste Projektideen und die beiden Freun-de musizieren seither wieder regelm\u00e4\u00dfig miteinander. In den letzten Jahren haben sie sich eine feste Fangemeinde erobert. Ein toller Abendklang als Er\u00f6ffnung einer neuen Staffel. Der Eintritt zum Abend-klang ist frei, um eine Kollekte f\u00fcr die Musiker wird gebeten. Wie immer findet der Abendklang in der Christus- und Garnisonkirche statt. <\/p>\n<p> #christusundgarnisonkirche #lutherkirche #havenkirche #abendklang #wilhelmshaven #christusundgarnisonkirchewilhelmshaven #heppenserkirche<br \/>\nHAVENKIRCHE@FB<br \/>\n<a href=\"https:\/\/www.facebook.com\/396185572708352\/posts\/911373361189568\" target=\"_blank\">Ich freue mich, die neue Staffel der Abendkl\u00e4nge startet.<br \/>\nNeue Staffel Abendklang startet am Sonntag mit den ukrainischen Wilhelmshavenern Sapozhnikov\/ Kanke<br \/>\nAbendklang am 12. Januar um 18 Uhr mit Yevgeny Sapozhnikov (Cello) und Artem Kanke (Klavier)<br \/>\nDie Freundschaft zwischen den beiden Musikern begann bereits in Kharkiw. Sie teilten sich im Internat der Spezialmusikschule ein Zim-mer. Schon damals spielten sie die ersten gemeinsamen Kammermu-sikwerke. Seit dem Umzug der Familien im letzten Jahrzehnt in den Norden  entstanden schnell erste Projektideen und die beiden Freun-de musizieren seither wieder regelm\u00e4\u00dfig miteinander. In den letzten Jahren haben sie sich eine feste Fangemeinde erobert. Ein toller Abendklang als Er\u00f6ffnung einer neuen Staffel. Der Eintritt zum Abend-klang ist frei, um eine Kollekte f\u00fcr die Musiker wird gebeten. Wie immer findet der Abendklang in der Christus- und Garnisonkirche statt. <\/p>\n<p> #christusundgarnisonkirche #lutherkirche #havenkirche #abendklang #wilhelmshaven #christusundgarnisonkirchewilhelmshaven #heppenserkirche<\/a><\/p>\n","protected":false},"excerpt":{"rendered":"<p>Ich freue mich, die neue Staffel der Abendkl\u00e4nge startet. Neue Staffel Abendklang startet am Sonntag mit den ukrainischen Wilhelmshavenern Sapozhnikov\/ Kanke Abendklang am 12. Januar um 18 Uhr mit Yevgeny Sapozhnikov (Cello) und Artem Kanke (Klavier) Die Freundschaft zwischen den beiden Musikern begann bereits in Kharkiw. Sie teilten sich im Internat der Spezialmusikschule ein Zim-mer. Schon damals spielten sie die ersten gemeinsamen Kammermu-sikwerke. Seit dem Umzug der Familien im letzten Jahrzehnt in den Norden entstanden schnell erste Projektideen und die beiden Freun-de musizieren seither wieder regelm\u00e4\u00dfig miteinander. In den letzten Jahren haben sie sich eine feste Fangemeinde erobert. Ein toller&#8230;<\/p>\n","protected":false},"author":6,"featured_media":0,"comment_status":"false","ping_status":"open","sticky":false,"template":"","format":"standard","meta":{"footnotes":""},"categories":[75],"tags":[76],"class_list":["post-27511","post","type-post","status-publish","format-standard","hentry","category-havenkirche","tag-havenkirche"],"_links":{"self":[{"href":"https:\/\/christusnews.de\/site\/wp-json\/wp\/v2\/posts\/27511","targetHints":{"allow":["GET"]}}],"collection":[{"href":"https:\/\/christusnews.de\/site\/wp-json\/wp\/v2\/posts"}],"about":[{"href":"https:\/\/christusnews.de\/site\/wp-json\/wp\/v2\/types\/post"}],"author":[{"embeddable":true,"href":"https:\/\/christusnews.de\/site\/wp-json\/wp\/v2\/users\/6"}],"replies":[{"embeddable":true,"href":"https:\/\/christusnews.de\/site\/wp-json\/wp\/v2\/comments?post=27511"}],"version-history":[{"count":1,"href":"https:\/\/christusnews.de\/site\/wp-json\/wp\/v2\/posts\/27511\/revisions"}],"predecessor-version":[{"id":27512,"href":"https:\/\/christusnews.de\/site\/wp-json\/wp\/v2\/posts\/27511\/revisions\/27512"}],"wp:attachment":[{"href":"https:\/\/christusnews.de\/site\/wp-json\/wp\/v2\/media?parent=27511"}],"wp:term":[{"taxonomy":"category","embeddable":true,"href":"https:\/\/christusnews.de\/site\/wp-json\/wp\/v2\/categories?post=27511"},{"taxonomy":"post_tag","embeddable":true,"href":"https:\/\/christusnews.de\/site\/wp-json\/wp\/v2\/tags?post=27511"}],"curies":[{"name":"wp","href":"https:\/\/api.w.org\/{rel}","templated":true}]}}