{"id":27515,"date":"2025-01-16T14:52:21","date_gmt":"2025-01-16T13:52:21","guid":{"rendered":"https:\/\/christusnews.de\/site\/was-schon-ein-jahr-havenkirche-krass-wie-die-zeit-vergeht-mit-viel-licht-haben-wir-die-neue-gemeinde-gegruendetmit-viel-licht-wollen-wir-zusammenkommen-ein-abend-fuer-die-haupt-und-ehrenamtlich\/"},"modified":"2025-01-16T22:17:38","modified_gmt":"2025-01-16T21:17:38","slug":"was-schon-ein-jahr-havenkirche-krass-wie-die-zeit-vergeht-mit-viel-licht-haben-wir-die-neue-gemeinde-gegruendetmit-viel-licht-wollen-wir-zusammenkommen-ein-abend-fuer-die-haupt-und-ehrenamtlich","status":"publish","type":"post","link":"https:\/\/christusnews.de\/site\/was-schon-ein-jahr-havenkirche-krass-wie-die-zeit-vergeht-mit-viel-licht-haben-wir-die-neue-gemeinde-gegruendetmit-viel-licht-wollen-wir-zusammenkommen-ein-abend-fuer-die-haupt-und-ehrenamtlich\/","title":{"rendered":"Was schon ein Jahr Havenkirche? \nKrass, wie die Zeit vergeht.\nMit viel Licht haben wir die neue Gemeinde gegr\u00fcndet,\nmit viel Licht wollen wir zusammenkommen.\nEin Abend f\u00fcr die Haupt-und Ehrenamtlichen.\nAnmeldung bitte im Gemeindeb\u00fcro oder bei der Pfarr-Crew."},"content":{"rendered":"<p>Was schon ein Jahr Havenkirche?<br \/>\nKrass, wie die Zeit vergeht.<br \/>\nMit viel Licht haben wir die neue Gemeinde gegr\u00fcndet,<br \/>\nmit viel Licht wollen wir zusammenkommen.<br \/>\nEin Abend f\u00fcr die Haupt-und Ehrenamtlichen.<br \/>\nAnmeldung bitte im Gemeindeb\u00fcro oder bei der Pfarr-Crew.<br \/>\nHAVENKIRCHE@FB<br \/>\n<a href=\"https:\/\/www.facebook.com\/396185572708352\/posts\/916012077392363\" target=\"_blank\">Was schon ein Jahr Havenkirche?<br \/>\nKrass, wie die Zeit vergeht.<br \/>\nMit viel Licht haben wir die neue Gemeinde gegr\u00fcndet,<br \/>\nmit viel Licht wollen wir zusammenkommen.<br \/>\nEin Abend f\u00fcr die Haupt-und Ehrenamtlichen.<br \/>\nAnmeldung bitte im Gemeindeb\u00fcro oder bei der Pfarr-Crew.<\/a><\/p>\n","protected":false},"excerpt":{"rendered":"<p>Was schon ein Jahr Havenkirche? Krass, wie die Zeit vergeht. Mit viel Licht haben wir die neue Gemeinde gegr\u00fcndet, mit viel Licht wollen wir zusammenkommen. Ein Abend f\u00fcr die Haupt-und Ehrenamtlichen. Anmeldung bitte im Gemeindeb\u00fcro oder bei der Pfarr-Crew. HAVENKIRCHE@FB Was schon ein Jahr Havenkirche? Krass, wie die Zeit vergeht. Mit viel Licht haben wir die neue Gemeinde gegr\u00fcndet, mit viel Licht wollen wir zusammenkommen. Ein Abend f\u00fcr die Haupt-und Ehrenamtlichen. Anmeldung bitte im Gemeindeb\u00fcro oder bei der Pfarr-Crew.<\/p>\n","protected":false},"author":6,"featured_media":0,"comment_status":"false","ping_status":"open","sticky":false,"template":"","format":"standard","meta":{"footnotes":""},"categories":[75],"tags":[76],"class_list":["post-27515","post","type-post","status-publish","format-standard","hentry","category-havenkirche","tag-havenkirche"],"_links":{"self":[{"href":"https:\/\/christusnews.de\/site\/wp-json\/wp\/v2\/posts\/27515","targetHints":{"allow":["GET"]}}],"collection":[{"href":"https:\/\/christusnews.de\/site\/wp-json\/wp\/v2\/posts"}],"about":[{"href":"https:\/\/christusnews.de\/site\/wp-json\/wp\/v2\/types\/post"}],"author":[{"embeddable":true,"href":"https:\/\/christusnews.de\/site\/wp-json\/wp\/v2\/users\/6"}],"replies":[{"embeddable":true,"href":"https:\/\/christusnews.de\/site\/wp-json\/wp\/v2\/comments?post=27515"}],"version-history":[{"count":1,"href":"https:\/\/christusnews.de\/site\/wp-json\/wp\/v2\/posts\/27515\/revisions"}],"predecessor-version":[{"id":27516,"href":"https:\/\/christusnews.de\/site\/wp-json\/wp\/v2\/posts\/27515\/revisions\/27516"}],"wp:attachment":[{"href":"https:\/\/christusnews.de\/site\/wp-json\/wp\/v2\/media?parent=27515"}],"wp:term":[{"taxonomy":"category","embeddable":true,"href":"https:\/\/christusnews.de\/site\/wp-json\/wp\/v2\/categories?post=27515"},{"taxonomy":"post_tag","embeddable":true,"href":"https:\/\/christusnews.de\/site\/wp-json\/wp\/v2\/tags?post=27515"}],"curies":[{"name":"wp","href":"https:\/\/api.w.org\/{rel}","templated":true}]}}