{"id":27529,"date":"2025-01-26T19:05:05","date_gmt":"2025-01-26T18:05:05","guid":{"rendered":"https:\/\/christusnews.de\/site\/konzert-zur-ausstellung-sag-mir-wo-die-blumen-sind-unter-dem-titel-sag-mir-wo-die-blumen-sind-gibt-das-duo-hellmann-denker-ein-konzert-in-der-christus-und-ga\/"},"modified":"2025-01-26T22:18:14","modified_gmt":"2025-01-26T21:18:14","slug":"konzert-zur-ausstellung-sag-mir-wo-die-blumen-sind-unter-dem-titel-sag-mir-wo-die-blumen-sind-gibt-das-duo-hellmann-denker-ein-konzert-in-der-christus-und-ga","status":"publish","type":"post","link":"https:\/\/christusnews.de\/site\/konzert-zur-ausstellung-sag-mir-wo-die-blumen-sind-unter-dem-titel-sag-mir-wo-die-blumen-sind-gibt-das-duo-hellmann-denker-ein-konzert-in-der-christus-und-ga\/","title":{"rendered":"Konzert zur Ausstellung: \u201eSag mir, wo die Blumen sind\u201c \nUnter dem Titel \u201eSag mir, wo die Blumen sind\u201c gibt das Duo Hellmann \/ Denker ein Konzert in der Christus- und Garnisonkirche. Am Dienstag (28. Januar) tritt das Duo mit einem vielf\u00e4ltigen Programm um 19.30 Uhr auf. Eines ihrer ersten Programme drehte sich um Marlene Dietrich. Anl\u00e4sslich der Ausstellung von Bernd N\u00f6hre, die sich im Titel auf ein Dietrich Lied bezieht, gibt das Duo ein Konzert unter dem Titel \u201eSag mir, wo die Blumen sind\u201c.\nDas Duo Hellmann \/ Denker ist seit mehr als zwei Jahrzehnten in Wilhelmshaven unterwegs. Klassiker der Dietrich und des Friedens bestimmen diesen Abend, mit dem die Ausstellung endet. Der Eintritt ist frei, um eine Kollekte wird gebeten."},"content":{"rendered":"<p>Konzert zur Ausstellung: \u201eSag mir, wo die Blumen sind\u201c<br \/>\nUnter dem Titel \u201eSag mir, wo die Blumen sind\u201c gibt das Duo Hellmann \/ Denker ein Konzert in der Christus- und Garnisonkirche. Am Dienstag (28. Januar) tritt das Duo mit einem vielf\u00e4ltigen Programm um 19.30 Uhr auf. Eines ihrer ersten Programme drehte sich um Marlene Dietrich. Anl\u00e4sslich der Ausstellung von Bernd N\u00f6hre, die sich im Titel auf ein Dietrich Lied bezieht, gibt das Duo ein Konzert unter dem Titel \u201eSag mir, wo die Blumen sind\u201c.<br \/>\nDas Duo Hellmann \/ Denker ist seit mehr als zwei Jahrzehnten in Wilhelmshaven unterwegs. Klassiker der Dietrich und des Friedens bestimmen diesen Abend, mit dem die Ausstellung endet. Der Eintritt ist frei, um eine Kollekte wird gebeten.<br \/>\nHAVENKIRCHE@FB<br \/>\n<a href=\"https:\/\/www.facebook.com\/396185572708352\/posts\/923078220019082\" target=\"_blank\">Konzert zur Ausstellung: \u201eSag mir, wo die Blumen sind\u201c<br \/>\nUnter dem Titel \u201eSag mir, wo die Blumen sind\u201c gibt das Duo Hellmann \/ Denker ein Konzert in der Christus- und Garnisonkirche. Am Dienstag (28. Januar) tritt das Duo mit einem vielf\u00e4ltigen Programm um 19.30 Uhr auf. Eines ihrer ersten Programme drehte sich um Marlene Dietrich. Anl\u00e4sslich der Ausstellung von Bernd N\u00f6hre, die sich im Titel auf ein Dietrich Lied bezieht, gibt das Duo ein Konzert unter dem Titel \u201eSag mir, wo die Blumen sind\u201c.<br \/>\nDas Duo Hellmann \/ Denker ist seit mehr als zwei Jahrzehnten in Wilhelmshaven unterwegs. Klassiker der Dietrich und des Friedens bestimmen diesen Abend, mit dem die Ausstellung endet. Der Eintritt ist frei, um eine Kollekte wird gebeten.<\/a><\/p>\n","protected":false},"excerpt":{"rendered":"<p>Konzert zur Ausstellung: \u201eSag mir, wo die Blumen sind\u201c Unter dem Titel \u201eSag mir, wo die Blumen sind\u201c gibt das Duo Hellmann \/ Denker ein Konzert in der Christus- und Garnisonkirche. Am Dienstag (28. Januar) tritt das Duo mit einem vielf\u00e4ltigen Programm um 19.30 Uhr auf. Eines ihrer ersten Programme drehte sich um Marlene Dietrich. Anl\u00e4sslich der Ausstellung von Bernd N\u00f6hre, die sich im Titel auf ein Dietrich Lied bezieht, gibt das Duo ein Konzert unter dem Titel \u201eSag mir, wo die Blumen sind\u201c. Das Duo Hellmann \/ Denker ist seit mehr als zwei Jahrzehnten in Wilhelmshaven unterwegs. Klassiker der&#8230;<\/p>\n","protected":false},"author":6,"featured_media":0,"comment_status":"false","ping_status":"open","sticky":false,"template":"","format":"standard","meta":{"footnotes":""},"categories":[75],"tags":[76],"class_list":["post-27529","post","type-post","status-publish","format-standard","hentry","category-havenkirche","tag-havenkirche"],"_links":{"self":[{"href":"https:\/\/christusnews.de\/site\/wp-json\/wp\/v2\/posts\/27529","targetHints":{"allow":["GET"]}}],"collection":[{"href":"https:\/\/christusnews.de\/site\/wp-json\/wp\/v2\/posts"}],"about":[{"href":"https:\/\/christusnews.de\/site\/wp-json\/wp\/v2\/types\/post"}],"author":[{"embeddable":true,"href":"https:\/\/christusnews.de\/site\/wp-json\/wp\/v2\/users\/6"}],"replies":[{"embeddable":true,"href":"https:\/\/christusnews.de\/site\/wp-json\/wp\/v2\/comments?post=27529"}],"version-history":[{"count":1,"href":"https:\/\/christusnews.de\/site\/wp-json\/wp\/v2\/posts\/27529\/revisions"}],"predecessor-version":[{"id":27530,"href":"https:\/\/christusnews.de\/site\/wp-json\/wp\/v2\/posts\/27529\/revisions\/27530"}],"wp:attachment":[{"href":"https:\/\/christusnews.de\/site\/wp-json\/wp\/v2\/media?parent=27529"}],"wp:term":[{"taxonomy":"category","embeddable":true,"href":"https:\/\/christusnews.de\/site\/wp-json\/wp\/v2\/categories?post=27529"},{"taxonomy":"post_tag","embeddable":true,"href":"https:\/\/christusnews.de\/site\/wp-json\/wp\/v2\/tags?post=27529"}],"curies":[{"name":"wp","href":"https:\/\/api.w.org\/{rel}","templated":true}]}}