{"id":27565,"date":"2025-03-06T14:09:04","date_gmt":"2025-03-06T13:09:04","guid":{"rendered":"https:\/\/christusnews.de\/site\/sonne-am-himmel-und-krokusse-ueberall-das-lockt-nach-draussen-endlich-wieder-luft-holen-nach-dem-langen-winter-luft-holen-7-wochen-ohne-panik-so-heisst-dieses-jahr-die-fastenaktion-der-evangel\/"},"modified":"2025-03-06T22:18:07","modified_gmt":"2025-03-06T21:18:07","slug":"sonne-am-himmel-und-krokusse-ueberall-das-lockt-nach-draussen-endlich-wieder-luft-holen-nach-dem-langen-winter-luft-holen-7-wochen-ohne-panik-so-heisst-dieses-jahr-die-fastenaktion-der-evangel","status":"publish","type":"post","link":"https:\/\/christusnews.de\/site\/sonne-am-himmel-und-krokusse-ueberall-das-lockt-nach-draussen-endlich-wieder-luft-holen-nach-dem-langen-winter-luft-holen-7-wochen-ohne-panik-so-heisst-dieses-jahr-die-fastenaktion-der-evangel\/","title":{"rendered":"Sonne am Himmel und Krokusse \u00fcberall: Das lockt nach drau\u00dfen. Endlich wieder Luft holen nach dem langen Winter.\n\nLuft holen &#8211; 7 Wochen ohne Panik: So hei\u00dft  dieses Jahr die Fastenaktion der Evangelischen Kirche. Was hilft gegen die Angst, die dir manchmal den Atem verschl\u00e4gt? Wo kannst du durchatmen? \nUm diese Fragen geht&#039;s am Sonntag bei uns im Havenschmaus. \n\nEin Fr\u00fchst\u00fccksgottesdienst zum Auftakt der Fastenzeit, passt das? Wir finden ja: Es tut gut, Gottesdienst und gemeinsames Fr\u00fchst\u00fcck zu verbinden und dabei zu fragen, was ich wirklich brauche, was Leib und Seele n\u00e4hrt. \n\nAlso: Willkommen zum Havenschmaus. Eine Anmeldung ist nicht n\u00f6tig."},"content":{"rendered":"<p>Sonne am Himmel und Krokusse \u00fcberall: Das lockt nach drau\u00dfen. Endlich wieder Luft holen nach dem langen Winter.<\/p>\n<p>Luft holen &#8211; 7 Wochen ohne Panik: So hei\u00dft  dieses Jahr die Fastenaktion der Evangelischen Kirche. Was hilft gegen die Angst, die dir manchmal den Atem verschl\u00e4gt? Wo kannst du durchatmen?<br \/>\nUm diese Fragen geht&#8217;s am Sonntag bei uns im Havenschmaus. <\/p>\n<p>Ein Fr\u00fchst\u00fccksgottesdienst zum Auftakt der Fastenzeit, passt das? Wir finden ja: Es tut gut, Gottesdienst und gemeinsames Fr\u00fchst\u00fcck zu verbinden und dabei zu fragen, was ich wirklich brauche, was Leib und Seele n\u00e4hrt. <\/p>\n<p>Also: Willkommen zum Havenschmaus. Eine Anmeldung ist nicht n\u00f6tig.<br \/>\nHAVENKIRCHE@FB<br \/>\n<a href=\"https:\/\/www.facebook.com\/396185572708352\/posts\/950737113919859\" target=\"_blank\">Sonne am Himmel und Krokusse \u00fcberall: Das lockt nach drau\u00dfen. Endlich wieder Luft holen nach dem langen Winter.<\/p>\n<p>Luft holen &#8211; 7 Wochen ohne Panik: So hei\u00dft  dieses Jahr die Fastenaktion der Evangelischen Kirche. Was hilft gegen die Angst, die dir manchmal den Atem verschl\u00e4gt? Wo kannst du durchatmen?<br \/>\nUm diese Fragen geht&#039;s am Sonntag bei uns im Havenschmaus. <\/p>\n<p>Ein Fr\u00fchst\u00fccksgottesdienst zum Auftakt der Fastenzeit, passt das? Wir finden ja: Es tut gut, Gottesdienst und gemeinsames Fr\u00fchst\u00fcck zu verbinden und dabei zu fragen, was ich wirklich brauche, was Leib und Seele n\u00e4hrt. <\/p>\n<p>Also: Willkommen zum Havenschmaus. Eine Anmeldung ist nicht n\u00f6tig.<\/a><\/p>\n","protected":false},"excerpt":{"rendered":"<p>Sonne am Himmel und Krokusse \u00fcberall: Das lockt nach drau\u00dfen. Endlich wieder Luft holen nach dem langen Winter. Luft holen &#8211; 7 Wochen ohne Panik: So hei\u00dft dieses Jahr die Fastenaktion der Evangelischen Kirche. Was hilft gegen die Angst, die dir manchmal den Atem verschl\u00e4gt? Wo kannst du durchatmen? Um diese Fragen geht&#8217;s am Sonntag bei uns im Havenschmaus. Ein Fr\u00fchst\u00fccksgottesdienst zum Auftakt der Fastenzeit, passt das? Wir finden ja: Es tut gut, Gottesdienst und gemeinsames Fr\u00fchst\u00fcck zu verbinden und dabei zu fragen, was ich wirklich brauche, was Leib und Seele n\u00e4hrt. Also: Willkommen zum Havenschmaus. Eine Anmeldung ist nicht&#8230;<\/p>\n","protected":false},"author":6,"featured_media":0,"comment_status":"false","ping_status":"open","sticky":false,"template":"","format":"standard","meta":{"footnotes":""},"categories":[75],"tags":[76],"class_list":["post-27565","post","type-post","status-publish","format-standard","hentry","category-havenkirche","tag-havenkirche"],"_links":{"self":[{"href":"https:\/\/christusnews.de\/site\/wp-json\/wp\/v2\/posts\/27565","targetHints":{"allow":["GET"]}}],"collection":[{"href":"https:\/\/christusnews.de\/site\/wp-json\/wp\/v2\/posts"}],"about":[{"href":"https:\/\/christusnews.de\/site\/wp-json\/wp\/v2\/types\/post"}],"author":[{"embeddable":true,"href":"https:\/\/christusnews.de\/site\/wp-json\/wp\/v2\/users\/6"}],"replies":[{"embeddable":true,"href":"https:\/\/christusnews.de\/site\/wp-json\/wp\/v2\/comments?post=27565"}],"version-history":[{"count":1,"href":"https:\/\/christusnews.de\/site\/wp-json\/wp\/v2\/posts\/27565\/revisions"}],"predecessor-version":[{"id":27566,"href":"https:\/\/christusnews.de\/site\/wp-json\/wp\/v2\/posts\/27565\/revisions\/27566"}],"wp:attachment":[{"href":"https:\/\/christusnews.de\/site\/wp-json\/wp\/v2\/media?parent=27565"}],"wp:term":[{"taxonomy":"category","embeddable":true,"href":"https:\/\/christusnews.de\/site\/wp-json\/wp\/v2\/categories?post=27565"},{"taxonomy":"post_tag","embeddable":true,"href":"https:\/\/christusnews.de\/site\/wp-json\/wp\/v2\/tags?post=27565"}],"curies":[{"name":"wp","href":"https:\/\/api.w.org\/{rel}","templated":true}]}}